{"id":80346,"date":"2019-01-22T13:57:19","date_gmt":"2019-01-22T11:57:19","guid":{"rendered":"http:\/\/www.tucomarca.com\/wordpress\/segunda\/?p=80346"},"modified":"2019-01-22T13:57:19","modified_gmt":"2019-01-22T11:57:19","slug":"abierta-la-segunda-y-penultima-convocatoria-de-las-ayudas-leader","status":"publish","type":"post","link":"https:\/\/www.tucomarca.com\/wordpress\/segunda\/abierta-la-segunda-y-penultima-convocatoria-de-las-ayudas-leader\/","title":{"rendered":"Abierta la segunda (y pen\u00faltima) convocatoria de las ayudas Leader"},"content":{"rendered":"<figure id=\"attachment_80350\" aria-describedby=\"caption-attachment-80350\" style=\"width: 220px\" class=\"wp-caption alignleft\"><img loading=\"lazy\" decoding=\"async\" class=\" wp-image-80350\" src=\"https:\/\/www.tucomarca.com\/wordpress\/segunda\/wp-content\/uploads\/2019\/01\/LOGORURABLE.jpg\" alt=\"Abierta la segunda (y pen\u00faltima) convocatoria de las ayudas LEADER.\" width=\"220\" height=\"211\" \/><figcaption id=\"caption-attachment-80350\" class=\"wp-caption-text\">Abierta la segunda (y pen\u00faltima) convocatoria de las ayudas LEADER.<\/figcaption><\/figure>\n<p>Ya se\u00a0han publicado\u00a0en el Diari Oficial de la Comunitat Valenciana las bases para concurrir a las Ayudas LEADER. Es la segunda y pen\u00faltima oportunidad de lograr apoyos para hacer realidad o ampliar proyectos empresariales en el territorio de RURABLE<\/p>\n<p>Las ayudas que se publican hoy en el DOCV se enmarcan en el Plan LEADER 2014-2020 y tienen como objetivo el desarrollo econ\u00f3mico y social del medio rural valenciano. Se trata de la segunda vez que se abre el plazo de presentaci\u00f3n y ser\u00e1 tambi\u00e9n la pen\u00faltima del actual tramo temporal. La tercera y \u00faltima se espera que se publique a finales de 2019, probablemente en diciembre. Despu\u00e9s de esa fecha ya no contaremos con fondos LEADER hasta el a\u00f1o 2023 aproximadamente por lo que desde RURABLE se anima a todos los empresarios y emprendedores a valorar la presentaci\u00f3n de sus candidaturas.<\/p>\n<p>Los datos clave de la presente convocatoria son los siguientes:<\/p>\n<ul>\n<li>Subvenciones a proyectos no agr\u00edcolas: hasta 30.000 \u20ac para crear empresas y 15.000 \u20ac para mejorarlas. Con apoyos espec\u00edficos para traslados.<\/li>\n<li>Para empresas agroalimentarias: hasta 20.000 \u20ac o 10.000 \u20ac (seg\u00fan el tipo de proyecto)<\/li>\n<li>Tambi\u00e9n se contemplan otro tipo de ayudas: para servicios b\u00e1sicos, peque\u00f1as infraestructuras tur\u00edsticas, etc que pueden ser solicitadas por ayuntamientos y asociaciones.<\/li>\n<li>Fecha de presentaci\u00f3n de la documentaci\u00f3n: hasta el d\u00eda 28 de febrero<\/li>\n<li>Para recibir apoyo t\u00e9cnico de RURABLE es imprescindible pedir CITA PREVIA por correo electr\u00f3nico (info@rurable.com) o por tel\u00e9fono: 96.217.35.86.<\/li>\n<\/ul>\n<p>La convocatoria oficial est\u00e1 ya colgada en la p\u00e1gina web de RURABLE:<span class=\"Apple-converted-space\">\u00a0<\/span><\/p>\n<p>http:\/\/www.rurable.com\/wp-content\/uploads\/2018\/12\/2018_11953-segunda-convocartoria.pdf<\/p>\n<p>Contacto Rurable: info@rurable.com,<span class=\"Apple-converted-space\">\u00a0 <\/span>tel\u00e9fono<span class=\"Apple-converted-space\">\u00a0 <\/span>96.217.35.86., C\/ Adarve, 5, Utiel<\/p>\n<p>M\u00e1s informaci\u00f3n: www.rurable.com<\/p>\n<p>RRSS:<span class=\"Apple-converted-space\">\u00a0 <\/span>https:\/\/www.facebook.com\/rurable\/<\/p>\n","protected":false},"excerpt":{"rendered":"<div class=\"mh-excerpt\">Ya se\u00a0han publicado\u00a0en el Diari Oficial de la Comunitat Valenciana las bases para concurrir a las Ayudas LEADER. Es la segunda y pen\u00faltima oportunidad de lograr apoyos para hacer realidad o ampliar proyectos empresariales en <a class=\"mh-excerpt-more\" href=\"https:\/\/www.tucomarca.com\/wordpress\/segunda\/abierta-la-segunda-y-penultima-convocatoria-de-las-ayudas-leader\/\" title=\"Abierta la segunda (y pen\u00faltima) convocatoria de las ayudas Leader\">[+] <\/a><\/div>\n","protected":false},"author":2,"featured_media":80350,"comment_status":"open","ping_status":"open","sticky":false,"template":"","format":"standard","meta":{"footnotes":""},"categories":[4,38,8,10,27,3],"tags":[5952,11435,11437,11436],"class_list":{"0":"post-80346","1":"post","2":"type-post","3":"status-publish","4":"format-standard","5":"has-post-thumbnail","7":"category-agenda","8":"category-ayora-cofrentes","9":"category-la-comarca","10":"category-la-hoya","11":"category-requena-utiel","12":"category-seccion","13":"tag-la-hoya-de-bunol-chiva","14":"tag-leader","15":"tag-plana-de-utiel-requena","16":"tag-valle-de-ayora-cofrentes"},"_links":{"self":[{"href":"https:\/\/www.tucomarca.com\/wordpress\/segunda\/wp-json\/wp\/v2\/posts\/80346","targetHints":{"allow":["GET"]}}],"collection":[{"href":"https:\/\/www.tucomarca.com\/wordpress\/segunda\/wp-json\/wp\/v2\/posts"}],"about":[{"href":"https:\/\/www.tucomarca.com\/wordpress\/segunda\/wp-json\/wp\/v2\/types\/post"}],"author":[{"embeddable":true,"href":"https:\/\/www.tucomarca.com\/wordpress\/segunda\/wp-json\/wp\/v2\/users\/2"}],"replies":[{"embeddable":true,"href":"https:\/\/www.tucomarca.com\/wordpress\/segunda\/wp-json\/wp\/v2\/comments?post=80346"}],"version-history":[{"count":0,"href":"https:\/\/www.tucomarca.com\/wordpress\/segunda\/wp-json\/wp\/v2\/posts\/80346\/revisions"}],"wp:featuredmedia":[{"embeddable":true,"href":"https:\/\/www.tucomarca.com\/wordpress\/segunda\/wp-json\/wp\/v2\/media\/80350"}],"wp:attachment":[{"href":"https:\/\/www.tucomarca.com\/wordpress\/segunda\/wp-json\/wp\/v2\/media?parent=80346"}],"wp:term":[{"taxonomy":"category","embeddable":true,"href":"https:\/\/www.tucomarca.com\/wordpress\/segunda\/wp-json\/wp\/v2\/categories?post=80346"},{"taxonomy":"post_tag","embeddable":true,"href":"https:\/\/www.tucomarca.com\/wordpress\/segunda\/wp-json\/wp\/v2\/tags?post=80346"}],"curies":[{"name":"wp","href":"https:\/\/api.w.org\/{rel}","templated":true}]}}