{"id":80582,"date":"2019-01-23T01:00:02","date_gmt":"2019-01-22T23:00:02","guid":{"rendered":"http:\/\/www.tucomarca.com\/wordpress\/segunda\/?p=80582"},"modified":"2019-01-23T01:00:02","modified_gmt":"2019-01-22T23:00:02","slug":"el-tecnico-jose-a-fernandez-rasco-deja-el-cd-bunol","status":"publish","type":"post","link":"https:\/\/www.tucomarca.com\/wordpress\/segunda\/el-tecnico-jose-a-fernandez-rasco-deja-el-cd-bunol\/","title":{"rendered":"El t\u00e9cnico Jos\u00e9 A. Fernandez Rasco deja el CD Bu\u00f1ol"},"content":{"rendered":"<div>\n<figure id=\"attachment_77165\" aria-describedby=\"caption-attachment-77165\" style=\"width: 400px\" class=\"wp-caption alignleft\"><img loading=\"lazy\" decoding=\"async\" class=\"size-full wp-image-77165\" src=\"https:\/\/www.tucomarca.com\/wordpress\/segunda\/wp-content\/uploads\/2018\/11\/D2B0B4AA-9459-4E9C-A043-ABC82FFC8911.jpeg\" alt=\"El nuevo t\u00e9cnico del CD Bu\u00f1ol, Jos\u00e9 Alberto Fern\u00e1ndez.\" width=\"400\" height=\"400\" srcset=\"https:\/\/www.tucomarca.com\/wordpress\/segunda\/wp-content\/uploads\/2018\/11\/D2B0B4AA-9459-4E9C-A043-ABC82FFC8911.jpeg 400w, https:\/\/www.tucomarca.com\/wordpress\/segunda\/wp-content\/uploads\/2018\/11\/D2B0B4AA-9459-4E9C-A043-ABC82FFC8911-290x290.jpeg 290w, https:\/\/www.tucomarca.com\/wordpress\/segunda\/wp-content\/uploads\/2018\/11\/D2B0B4AA-9459-4E9C-A043-ABC82FFC8911-300x300.jpeg 300w, https:\/\/www.tucomarca.com\/wordpress\/segunda\/wp-content\/uploads\/2018\/11\/D2B0B4AA-9459-4E9C-A043-ABC82FFC8911-50x50.jpeg 50w\" sizes=\"auto, (max-width: 400px) 100vw, 400px\" \/><figcaption id=\"caption-attachment-77165\" class=\"wp-caption-text\">El hasta la fecha\u00a0t\u00e9cnico del CD Bu\u00f1ol, Jos\u00e9 Alberto Fern\u00e1ndez.<\/figcaption><\/figure>\n<p>Tal como\u00a0ha informado el Club Deportivo Bu\u00f1ol este martes por la noche, \u00aben la tarde de hoy, la Junta Directiva del Club Deportivo Bu\u00f1ol ha aceptado la petici\u00f3n de Jos\u00e9 A. Fern\u00e1ndez Rasco para rescindir el compromiso que vinculaba a ambas partes hasta el final de temporada, debido a la imposibilidad de compatibilizar su cargo como t\u00e9cnico del primer equipo con sus actuales compromisos laborales\u00bb.<\/p>\n<\/div>\n<div><\/div>\n<div>Desde\u00a0el CD Bu\u00f1ol han manifestado que\u00a0\u00abcircunstancias sobrevenidas imposibilitan al t\u00e9cnico compatibilizar su actividad profesional con la preparaci\u00f3n de \u00a0nuestro primer equipo\u00bb.<\/div>\n<div><\/div>\n<div>\u00abDesde el club queremos agradecer a Rasco su compromiso y la labor desempe\u00f1ada durante estos meses con nosotros, as\u00ed como desearle la mayor de las suertes en los nuevos proyectos que afronte.\u00a0A lo largo de esta semana comunicaremos el nombre del nuevo entrenador del primer equipo\u00bb, han finalizado desde el club blanco.<\/div>\n<div><\/div>\n","protected":false},"excerpt":{"rendered":"<div class=\"mh-excerpt\">Tal como\u00a0ha informado el Club Deportivo Bu\u00f1ol este martes por la noche, \u00aben la tarde de hoy, la Junta Directiva del Club Deportivo Bu\u00f1ol ha aceptado la petici\u00f3n de Jos\u00e9 A. Fern\u00e1ndez Rasco para rescindir <a class=\"mh-excerpt-more\" href=\"https:\/\/www.tucomarca.com\/wordpress\/segunda\/el-tecnico-jose-a-fernandez-rasco-deja-el-cd-bunol\/\" title=\"El t\u00e9cnico Jos\u00e9 A. Fernandez Rasco deja el CD Bu\u00f1ol\">[+] <\/a><\/div>\n","protected":false},"author":1,"featured_media":77165,"comment_status":"open","ping_status":"open","sticky":false,"template":"","format":"standard","meta":{"footnotes":""},"categories":[18,50,6,10,3],"tags":[10385,9906],"class_list":{"0":"post-80582","1":"post","2":"type-post","3":"status-publish","4":"format-standard","5":"has-post-thumbnail","7":"category-bunol","8":"category-futbol-deportes","9":"category-deportes","10":"category-la-hoya","11":"category-seccion","12":"tag-bunol","13":"tag-bunyol"},"_links":{"self":[{"href":"https:\/\/www.tucomarca.com\/wordpress\/segunda\/wp-json\/wp\/v2\/posts\/80582","targetHints":{"allow":["GET"]}}],"collection":[{"href":"https:\/\/www.tucomarca.com\/wordpress\/segunda\/wp-json\/wp\/v2\/posts"}],"about":[{"href":"https:\/\/www.tucomarca.com\/wordpress\/segunda\/wp-json\/wp\/v2\/types\/post"}],"author":[{"embeddable":true,"href":"https:\/\/www.tucomarca.com\/wordpress\/segunda\/wp-json\/wp\/v2\/users\/1"}],"replies":[{"embeddable":true,"href":"https:\/\/www.tucomarca.com\/wordpress\/segunda\/wp-json\/wp\/v2\/comments?post=80582"}],"version-history":[{"count":0,"href":"https:\/\/www.tucomarca.com\/wordpress\/segunda\/wp-json\/wp\/v2\/posts\/80582\/revisions"}],"wp:featuredmedia":[{"embeddable":true,"href":"https:\/\/www.tucomarca.com\/wordpress\/segunda\/wp-json\/wp\/v2\/media\/77165"}],"wp:attachment":[{"href":"https:\/\/www.tucomarca.com\/wordpress\/segunda\/wp-json\/wp\/v2\/media?parent=80582"}],"wp:term":[{"taxonomy":"category","embeddable":true,"href":"https:\/\/www.tucomarca.com\/wordpress\/segunda\/wp-json\/wp\/v2\/categories?post=80582"},{"taxonomy":"post_tag","embeddable":true,"href":"https:\/\/www.tucomarca.com\/wordpress\/segunda\/wp-json\/wp\/v2\/tags?post=80582"}],"curies":[{"name":"wp","href":"https:\/\/api.w.org\/{rel}","templated":true}]}}