{"id":80697,"date":"2019-01-25T23:25:09","date_gmt":"2019-01-25T21:25:09","guid":{"rendered":"http:\/\/www.tucomarca.com\/wordpress\/segunda\/?p=80697"},"modified":"2019-01-25T23:25:09","modified_gmt":"2019-01-25T21:25:09","slug":"proteccion-civil-y-emergencias-alerta-por-vientos-fuertes-y-recomienda-extremar-las-precauciones-por-la-entrada-el-domingo-de-un-nuevo-frente-frio-que-traera-mas-nevadas-al-norte-peninsular","status":"publish","type":"post","link":"https:\/\/www.tucomarca.com\/wordpress\/segunda\/proteccion-civil-y-emergencias-alerta-por-vientos-fuertes-y-recomienda-extremar-las-precauciones-por-la-entrada-el-domingo-de-un-nuevo-frente-frio-que-traera-mas-nevadas-al-norte-peninsular\/","title":{"rendered":"Protecci\u00f3n Civil y Emergencias alerta por vientos fuertes y recomienda extremar las precauciones por la entrada el domingo de un nuevo frente fr\u00edo que traer\u00e1 m\u00e1s nevadas al norte peninsular"},"content":{"rendered":"<figure id=\"attachment_80687\" aria-describedby=\"caption-attachment-80687\" style=\"width: 481px\" class=\"wp-caption alignleft\"><img loading=\"lazy\" decoding=\"async\" class=\" wp-image-80687\" src=\"https:\/\/www.tucomarca.com\/wordpress\/segunda\/wp-content\/uploads\/2019\/01\/vientoarbolturche.jpeg\" alt=\"\u00c1rbol ca\u00eddo en la carretera entre Alborache y Bu\u00f1ol a consecuencia de los fuertes vientos de esta semana.\" width=\"481\" height=\"466\" srcset=\"https:\/\/www.tucomarca.com\/wordpress\/segunda\/wp-content\/uploads\/2019\/01\/vientoarbolturche.jpeg 898w, https:\/\/www.tucomarca.com\/wordpress\/segunda\/wp-content\/uploads\/2019\/01\/vientoarbolturche-300x291.jpeg 300w, https:\/\/www.tucomarca.com\/wordpress\/segunda\/wp-content\/uploads\/2019\/01\/vientoarbolturche-768x744.jpeg 768w\" sizes=\"auto, (max-width: 481px) 100vw, 481px\" \/><figcaption id=\"caption-attachment-80687\" class=\"wp-caption-text\">\u00c1rbol ca\u00eddo en la carretera entre Alborache y Bu\u00f1ol consecuencia de los fuertes vientos de esta semana.<\/figcaption><\/figure>\n<p><b> Los vientos costeros se mantienen muy fuertes en la jornada de hoy viernes y ma\u00f1ana s\u00e1bado en el norte de las costas de Catalu\u00f1a y Baleares, mientras que, de cara al domingo, se espera que el fuerte oleaje vuelva a las costas del norte peninsular.<\/b><\/p>\n<p><b>La entrada de un frente fr\u00edo a partir de ese d\u00eda traer\u00e1 m\u00e1s nevadas al norte peninsular, donde las acumulaciones de nieve ya son muy abundantes, y los vientos en tierra tambi\u00e9n ir\u00e1n en aumento.<span class=\"Apple-converted-space\">\u00a0<\/span><\/b><\/p>\n<p><b>Se aconseja mantenerse informado en todo momento de la posible evoluci\u00f3n de los cambios meteorol\u00f3gicos, en especial, si va a realizar desplazamientos por carretera.<span class=\"Apple-converted-space\">\u00a0<\/span><\/b><\/p>\n<p><b>Siga las<span class=\"Apple-converted-space\">\u00a0 <\/span>actualizaciones de los pron\u00f3sticos y los avisos a trav\u00e9s de <\/b><b>www.aemet.es<\/b>, <b>as\u00ed como las indicaciones de la DGT en<\/b> <b>www.dgt.es<\/b><\/p>\n<p>La Direcci\u00f3n General de Protecci\u00f3n Civil y Emergencias del Ministerio del Interior, de acuerdo con las predicciones de la Agencia Estatal de Meteorolog\u00eda (AEMET), <b>alerta por vientos fuertes en tierra y mar y recomienda extremar las precauciones por la entrada el domingo de un nuevo frente fr\u00edo que traer\u00e1 m\u00e1s nevadas al norte peninsular<\/b><\/p>\n<p>Los <b>vientos costeros<\/b> se mantienen muy fuertes en la jornada de hoy viernes y ma\u00f1ana s\u00e1bado en el norte de las costas de <b>Catalu\u00f1a y Baleares<\/b>, con olas de hasta 5 metros, mientras que, de cara al domingo, se espera que el fuerte oleaje vuelva a las <b>costas del norte peninsular<\/b>, con olas de hasta 6 metros.<\/p>\n<p>Por otro lado, la entrada de un frente fr\u00edo <b>a partir del domingo traer\u00e1 m\u00e1s nevadas al norte peninsular<\/b>, donde las acumulaciones ya son muy abundantes. <b>Estas nuevas precipitaciones podr\u00edan tambi\u00e9n influir en el caudal de los r\u00edos, por lo que se recomienda extremar las precauciones ante el posible peligro de desbordamientos e inundaciones<\/b>.<span class=\"Apple-converted-space\">\u00a0<\/span><\/p>\n<p>Adem\u00e1s, el domingo ir\u00e1n tambi\u00e9n en aumento los vientos en tierra.<span class=\"Apple-converted-space\">\u00a0<\/span><\/p>\n<p>Por \u00faltimo, hay que recordar que <b>si va a realizar actividades de ocio en la monta\u00f1a, debe adoptar una serie de medidas de autoprotecci\u00f3n y respetar las medidas de seguridad que establezcan las autoridades competentes ante el posible riesgo de aludes<\/b>.<span class=\"Apple-converted-space\">\u00a0<\/span><\/p>\n<p><b>Recomendaciones<\/b><\/p>\n<p><b>Ante la previsi\u00f3n de nieve<\/b><\/p>\n<ul>\n<li>Si es imprescindible viajar por carretera, debe ir muy atento y tener especial cuidado con las placas de hielo.<span class=\"Apple-converted-space\">\u00a0<\/span><\/li>\n<li>Inf\u00f3rmese de la situaci\u00f3n meteorol\u00f3gica y el estado de las carreteras, extreme las precauciones, revise el veh\u00edculo y atienda las recomendaciones de Tr\u00e1fico.<span class=\"Apple-converted-space\">\u00a0<\/span><\/li>\n<li>Revise los neum\u00e1ticos, anticongelante y frenos. Adem\u00e1s, hay que tener la precauci\u00f3n de llenar el dep\u00f3sito de la gasolina y llevar neum\u00e1ticos de invierno o cadenas.<\/li>\n<li>Es \u00fatil llevar ropa de abrigo y un tel\u00e9fono m\u00f3vil con bater\u00eda de recambio y\/o cargador de autom\u00f3vil.<span class=\"Apple-converted-space\">\u00a0<\/span><\/li>\n<li>Si est\u00e1 atrapado en la nieve, se aconseja permanecer en el coche, con la calefacci\u00f3n puesta, renovando cada cierto tiempo el aire, y vigilar que el tubo de escape no est\u00e9 obstruido para evitar que los gases penetren en el interior del veh\u00edculo.<\/li>\n<li>En caso de quedarse aislado y necesitar ayuda, no intente resolver la situaci\u00f3n por s\u00ed mismo, trate de informar de este hecho y, salvo que la situaci\u00f3n sea insostenible, espere asistencia.<\/li>\n<\/ul>\n<p><b>Ante vientos costeros<\/b><\/p>\n<ul>\n<li>Si se encuentra en zonas mar\u00edtimas, procure alejarse de la playa y de otros lugares bajos que puedan ser afectados por las elevadas mareas y oleajes que suelen generarse ante la intensidad de vientos fuertes.<\/li>\n<li>Se recomienda evitar estacionar los veh\u00edculos en zonas que puedan verse afectadas por el oleaje.<\/li>\n<li>En estas situaciones, el mar adquiere condiciones extraordinarias y puede arrastrarle si se encuentra en las proximidades del mar.<\/li>\n<li>No ponga en riesgo su vida ante las im\u00e1genes espectaculares del fuerte oleaje.<\/li>\n<\/ul>\n<p><b>Ante fuertes vientos<\/b><\/p>\n<ul>\n<li>Conviene asegurar puertas, ventanas y todos aquellos objetos que puedan caer a la v\u00eda p\u00fablica y alejarse de cornisas, \u00e1rboles, muros o edificaciones en construcci\u00f3n o gr\u00faas que puedan desprenderse. Tambi\u00e9n, conviene abstenerse de subir a los andamios sin las adecuadas medidas de protecci\u00f3n.<\/li>\n<li>Si va conduciendo, extreme las precauciones, especialmente en la salida de t\u00faneles, adelantamientos y cruce con veh\u00edculos pesados en carreteras de doble sentido. Preste atenci\u00f3n ante la posible presencia de obst\u00e1culos en la carretera.<span class=\"Apple-converted-space\">\u00a0<\/span><\/li>\n<\/ul>\n<p><b>Ante el riesgo de aludes<\/b><\/p>\n<ul>\n<li>Las estaciones de esqu\u00ed, emiten boletines diarios sobre el riesgo de avalancha. Respete sus indicaciones y no salga de las zonas controladas.<\/li>\n<li>Favorecen las avalanchas, grandes nevadas o bruscos aumentos de temperatura. Si nota que se hacen grietas largas seg\u00fan avanza con tu tabla, el riesgo es muy alto.<span class=\"Apple-converted-space\">\u00a0<\/span><\/li>\n<li>Realice la primera parte del descenso con giros amplios, y luego vaya dirigi\u00e9ndose progresivamente hacia un lateral. As\u00ed, si se desprenden placas, el riesgo de que le alcancen ser\u00e1 menor.<span class=\"Apple-converted-space\">\u00a0<\/span><\/li>\n<li>Evite descender por ca\u00f1ones o depresiones e intente descender por la cima o ruta m\u00e1s elevada. Las zonas con pinos tienen menos riesgo de aludes.<\/li>\n<li>Evite cortar placas con diagonales muy largas. Si lo ha realizado, evite descender por debajo de la diagonal que ha creado.<\/li>\n<\/ul>\n<p><b> Precauciones en la monta\u00f1a<\/b><\/p>\n<ul>\n<li>Si se van a realizar excursiones a la monta\u00f1a, es conveniente adoptar una serie de precauciones, tales como:<\/li>\n<li>Informarse de la predicci\u00f3n meteorol\u00f3gica de la zona a la que piensa ir.<\/li>\n<li>Elegir la zona adecuada, en funci\u00f3n de la preparaci\u00f3n f\u00edsica y del conocimiento que se tenga de la monta\u00f1a.<\/li>\n<li>Informarse de la localizaci\u00f3n de los refugios o caba\u00f1as donde resguardarse en caso de descenso brusco de temperaturas, tormentas u otras condiciones meteorol\u00f3gicas adversas y llevar tel\u00e9fono m\u00f3vil.<\/li>\n<li>Prestar atenci\u00f3n y respetar las indicaciones de los carteles y otras se\u00f1alizaciones sobre riesgos de la monta\u00f1a.<\/li>\n<li>Tener en cuenta que los cambios bruscos de tiempo pueden ser frecuentes en la monta\u00f1a.<\/li>\n<\/ul>\n","protected":false},"excerpt":{"rendered":"<div class=\"mh-excerpt\">Los vientos costeros se mantienen muy fuertes en la jornada de hoy viernes y ma\u00f1ana s\u00e1bado en el norte de las costas de Catalu\u00f1a y Baleares, mientras que, de cara al domingo, se espera que <a class=\"mh-excerpt-more\" href=\"https:\/\/www.tucomarca.com\/wordpress\/segunda\/proteccion-civil-y-emergencias-alerta-por-vientos-fuertes-y-recomienda-extremar-las-precauciones-por-la-entrada-el-domingo-de-un-nuevo-frente-frio-que-traera-mas-nevadas-al-norte-peninsular\/\" title=\"Protecci\u00f3n Civil y Emergencias alerta por vientos fuertes y recomienda extremar las precauciones por la entrada el domingo de un nuevo frente fr\u00edo que traer\u00e1 m\u00e1s nevadas al norte peninsular\">[+] <\/a><\/div>\n","protected":false},"author":2,"featured_media":80688,"comment_status":"open","ping_status":"open","sticky":false,"template":"","format":"standard","meta":{"footnotes":""},"categories":[8,72,117,3,45],"tags":[11450,11451,11452],"class_list":{"0":"post-80697","1":"post","2":"type-post","3":"status-publish","4":"format-standard","5":"has-post-thumbnail","7":"category-la-comarca","8":"category-sin-categorizar","9":"category-medio-ambiente-la-comarca","10":"category-seccion","11":"category-ventana","12":"tag-agencia-estatal-de-meteorologia-aemet-2","13":"tag-direccion-general-de-proteccion-civil-2","14":"tag-emergencias-del-ministerio-del-interior-2"},"_links":{"self":[{"href":"https:\/\/www.tucomarca.com\/wordpress\/segunda\/wp-json\/wp\/v2\/posts\/80697","targetHints":{"allow":["GET"]}}],"collection":[{"href":"https:\/\/www.tucomarca.com\/wordpress\/segunda\/wp-json\/wp\/v2\/posts"}],"about":[{"href":"https:\/\/www.tucomarca.com\/wordpress\/segunda\/wp-json\/wp\/v2\/types\/post"}],"author":[{"embeddable":true,"href":"https:\/\/www.tucomarca.com\/wordpress\/segunda\/wp-json\/wp\/v2\/users\/2"}],"replies":[{"embeddable":true,"href":"https:\/\/www.tucomarca.com\/wordpress\/segunda\/wp-json\/wp\/v2\/comments?post=80697"}],"version-history":[{"count":0,"href":"https:\/\/www.tucomarca.com\/wordpress\/segunda\/wp-json\/wp\/v2\/posts\/80697\/revisions"}],"wp:featuredmedia":[{"embeddable":true,"href":"https:\/\/www.tucomarca.com\/wordpress\/segunda\/wp-json\/wp\/v2\/media\/80688"}],"wp:attachment":[{"href":"https:\/\/www.tucomarca.com\/wordpress\/segunda\/wp-json\/wp\/v2\/media?parent=80697"}],"wp:term":[{"taxonomy":"category","embeddable":true,"href":"https:\/\/www.tucomarca.com\/wordpress\/segunda\/wp-json\/wp\/v2\/categories?post=80697"},{"taxonomy":"post_tag","embeddable":true,"href":"https:\/\/www.tucomarca.com\/wordpress\/segunda\/wp-json\/wp\/v2\/tags?post=80697"}],"curies":[{"name":"wp","href":"https:\/\/api.w.org\/{rel}","templated":true}]}}