{"id":81412,"date":"2019-02-11T13:38:16","date_gmt":"2019-02-11T11:38:16","guid":{"rendered":"http:\/\/www.tucomarca.com\/wordpress\/segunda\/?p=81412"},"modified":"2019-02-11T13:38:16","modified_gmt":"2019-02-11T11:38:16","slug":"el-club-deportivo-zafrilla-de-turis-obtiene-un-total-de-62-medallas-en-el-campeonato-autonomico-de-taekwondo","status":"publish","type":"post","link":"https:\/\/www.tucomarca.com\/wordpress\/segunda\/el-club-deportivo-zafrilla-de-turis-obtiene-un-total-de-62-medallas-en-el-campeonato-autonomico-de-taekwondo\/","title":{"rendered":"El Club Deportivo Zafrilla de Tur\u00eds obtiene un total de 62 medallas en el Campeonato Auton\u00f3mico de taekwondo"},"content":{"rendered":"<figure id=\"attachment_81413\" aria-describedby=\"caption-attachment-81413\" style=\"width: 383px\" class=\"wp-caption alignleft\"><img loading=\"lazy\" decoding=\"async\" class=\" wp-image-81413\" src=\"https:\/\/www.tucomarca.com\/wordpress\/segunda\/wp-content\/uploads\/2019\/02\/zafrilla_grupo.jpg\" alt=\"Campeonato Auton\u00f3mico de taekwondo celebrado en la Universitat Jaume I de Castell\u00f3.\" width=\"383\" height=\"280\" srcset=\"https:\/\/www.tucomarca.com\/wordpress\/segunda\/wp-content\/uploads\/2019\/02\/zafrilla_grupo.jpg 960w, https:\/\/www.tucomarca.com\/wordpress\/segunda\/wp-content\/uploads\/2019\/02\/zafrilla_grupo-300x219.jpg 300w, https:\/\/www.tucomarca.com\/wordpress\/segunda\/wp-content\/uploads\/2019\/02\/zafrilla_grupo-768x561.jpg 768w\" sizes=\"auto, (max-width: 383px) 100vw, 383px\" \/><figcaption id=\"caption-attachment-81413\" class=\"wp-caption-text\">Campeonato Auton\u00f3mico de taekwondo celebrado en la Universitat Jaume I de Castell\u00f3.<\/figcaption><\/figure>\n<p>Impresionante actuaci\u00f3n del Club Deportivo Zafrilla en el Campeonato Auton\u00f3mico de taekwondo celebrado en la Universitat Jaume I de Castell\u00f3 donde ha quedado campe\u00f3n por equipos en las categor\u00edas infantil, adulto y free style y ha obtenido un total de 62 medallas.<\/p>\n<p><img loading=\"lazy\" decoding=\"async\" class=\"alignleft wp-image-81415\" src=\"https:\/\/www.tucomarca.com\/wordpress\/segunda\/wp-content\/uploads\/2019\/02\/zafrilla_femenino.jpg\" alt=\"\" width=\"392\" height=\"261\" srcset=\"https:\/\/www.tucomarca.com\/wordpress\/segunda\/wp-content\/uploads\/2019\/02\/zafrilla_femenino.jpg 960w, https:\/\/www.tucomarca.com\/wordpress\/segunda\/wp-content\/uploads\/2019\/02\/zafrilla_femenino-300x200.jpg 300w, https:\/\/www.tucomarca.com\/wordpress\/segunda\/wp-content\/uploads\/2019\/02\/zafrilla_femenino-768x512.jpg 768w\" sizes=\"auto, (max-width: 392px) 100vw, 392px\" \/> <img loading=\"lazy\" decoding=\"async\" class=\"alignleft wp-image-81417\" src=\"https:\/\/www.tucomarca.com\/wordpress\/segunda\/wp-content\/uploads\/2019\/02\/zafrilla_masculino.jpg\" alt=\"\" width=\"382\" height=\"264\" srcset=\"https:\/\/www.tucomarca.com\/wordpress\/segunda\/wp-content\/uploads\/2019\/02\/zafrilla_masculino.jpg 960w, https:\/\/www.tucomarca.com\/wordpress\/segunda\/wp-content\/uploads\/2019\/02\/zafrilla_masculino-300x208.jpg 300w, https:\/\/www.tucomarca.com\/wordpress\/segunda\/wp-content\/uploads\/2019\/02\/zafrilla_masculino-768x531.jpg 768w\" sizes=\"auto, (max-width: 382px) 100vw, 382px\" \/><\/p>\n","protected":false},"excerpt":{"rendered":"<div class=\"mh-excerpt\">Impresionante actuaci\u00f3n del Club Deportivo Zafrilla en el Campeonato Auton\u00f3mico de taekwondo celebrado en la Universitat Jaume I de Castell\u00f3 donde ha quedado campe\u00f3n por equipos en las categor\u00edas infantil, adulto y free style y <a class=\"mh-excerpt-more\" href=\"https:\/\/www.tucomarca.com\/wordpress\/segunda\/el-club-deportivo-zafrilla-de-turis-obtiene-un-total-de-62-medallas-en-el-campeonato-autonomico-de-taekwondo\/\" title=\"El Club Deportivo Zafrilla de Tur\u00eds obtiene un total de 62 medallas en el Campeonato Auton\u00f3mico de taekwondo\">[+] <\/a><\/div>\n","protected":false},"author":2,"featured_media":81413,"comment_status":"open","ping_status":"open","sticky":false,"template":"","format":"standard","meta":{"footnotes":""},"categories":[18,6,10,42,199,3,43],"tags":[10187,10522,10394],"class_list":{"0":"post-81412","1":"post","2":"type-post","3":"status-publish","4":"format-standard","5":"has-post-thumbnail","7":"category-bunol","8":"category-deportes","9":"category-la-hoya","10":"category-la-ribera","11":"category-polideportivo","12":"category-seccion","13":"category-turis","14":"tag-ayuntamiento-de-turis","15":"tag-club-deportivo-zafrilla","16":"tag-turis"},"_links":{"self":[{"href":"https:\/\/www.tucomarca.com\/wordpress\/segunda\/wp-json\/wp\/v2\/posts\/81412","targetHints":{"allow":["GET"]}}],"collection":[{"href":"https:\/\/www.tucomarca.com\/wordpress\/segunda\/wp-json\/wp\/v2\/posts"}],"about":[{"href":"https:\/\/www.tucomarca.com\/wordpress\/segunda\/wp-json\/wp\/v2\/types\/post"}],"author":[{"embeddable":true,"href":"https:\/\/www.tucomarca.com\/wordpress\/segunda\/wp-json\/wp\/v2\/users\/2"}],"replies":[{"embeddable":true,"href":"https:\/\/www.tucomarca.com\/wordpress\/segunda\/wp-json\/wp\/v2\/comments?post=81412"}],"version-history":[{"count":0,"href":"https:\/\/www.tucomarca.com\/wordpress\/segunda\/wp-json\/wp\/v2\/posts\/81412\/revisions"}],"wp:featuredmedia":[{"embeddable":true,"href":"https:\/\/www.tucomarca.com\/wordpress\/segunda\/wp-json\/wp\/v2\/media\/81413"}],"wp:attachment":[{"href":"https:\/\/www.tucomarca.com\/wordpress\/segunda\/wp-json\/wp\/v2\/media?parent=81412"}],"wp:term":[{"taxonomy":"category","embeddable":true,"href":"https:\/\/www.tucomarca.com\/wordpress\/segunda\/wp-json\/wp\/v2\/categories?post=81412"},{"taxonomy":"post_tag","embeddable":true,"href":"https:\/\/www.tucomarca.com\/wordpress\/segunda\/wp-json\/wp\/v2\/tags?post=81412"}],"curies":[{"name":"wp","href":"https:\/\/api.w.org\/{rel}","templated":true}]}}