{"id":81975,"date":"2019-02-20T23:45:38","date_gmt":"2019-02-20T21:45:38","guid":{"rendered":"http:\/\/www.tucomarca.com\/wordpress\/segunda\/?p=81975"},"modified":"2019-02-20T23:45:38","modified_gmt":"2019-02-20T21:45:38","slug":"el-departamento-de-servicios-sociales-del-ayuntamiento-de-turis-se-da-a-conocer-a-la-ciudadania","status":"publish","type":"post","link":"https:\/\/www.tucomarca.com\/wordpress\/segunda\/el-departamento-de-servicios-sociales-del-ayuntamiento-de-turis-se-da-a-conocer-a-la-ciudadania\/","title":{"rendered":"El departamento de Servicios Sociales del Ayuntamiento de Tur\u00eds se da a conocer a la ciudadan\u00eda"},"content":{"rendered":"<figure id=\"attachment_81976\" aria-describedby=\"caption-attachment-81976\" style=\"width: 591px\" class=\"wp-caption alignleft\"><img loading=\"lazy\" decoding=\"async\" class=\" wp-image-81976\" src=\"https:\/\/www.tucomarca.com\/wordpress\/segunda\/wp-content\/uploads\/2019\/02\/TurisSSSS.jpg\" alt=\"el Alcalde, Eugenio Forta\u00f1a, y la concejala de bienestar social, N\u00faria Montero.\" width=\"591\" height=\"443\" srcset=\"https:\/\/www.tucomarca.com\/wordpress\/segunda\/wp-content\/uploads\/2019\/02\/TurisSSSS.jpg 2048w, https:\/\/www.tucomarca.com\/wordpress\/segunda\/wp-content\/uploads\/2019\/02\/TurisSSSS-300x225.jpg 300w, https:\/\/www.tucomarca.com\/wordpress\/segunda\/wp-content\/uploads\/2019\/02\/TurisSSSS-768x576.jpg 768w, https:\/\/www.tucomarca.com\/wordpress\/segunda\/wp-content\/uploads\/2019\/02\/TurisSSSS-1024x768.jpg 1024w\" sizes=\"auto, (max-width: 591px) 100vw, 591px\" \/><figcaption id=\"caption-attachment-81976\" class=\"wp-caption-text\">el Alcalde, Eugenio Forta\u00f1a, y la concejala de bienestar social, N\u00faria Montero.<\/figcaption><\/figure>\n<p>El Ayuntamiento de Tur\u00eds est\u00e1 dispuesto a que su vecindario conozca de primera mano el funcionamiento y la infraestructura de su departamento, puesto que \u201chemos comprobado que el sistema de servicios sociales no es conocido por la ciudadan\u00eda en general\u201d, asegura la regidora de bienestar social, N\u00faria Montero.<\/p>\n<p>Aprovechando la campa\u00f1a institucional de la Conseller\u00eda de Igualdad y Pol\u00edticas Inclusivas \u201cLa cuarta pata del estado del bienestar, los servicios sociales\u201d, se ha programado un d\u00eda de puertas abiertas que tendr\u00e1 lugar viernes, 22 de febrero, a partir de las 10.00 h de la ma\u00f1ana en el sal\u00f3n de plenos del Ayuntamiento.<\/p>\n<p>A esa hora se har\u00e1 la presentaci\u00f3n de la jornada a cargo del Alcalde, Eugenio Forta\u00f1a, y la concejala de bienestar social para continuar con una mesa redonda con la participaci\u00f3n de entidades y agentes sociales del municipio y con presentaci\u00f3n del Equipo Municipal de Servicios Sociales. Finalmente habr\u00e1 una visita guiada a las instalaciones de servicios sociales donde se invitar\u00e1 a todas las persones asistentes a un refrigerio.<\/p>\n<p>El alcalde explica que \u201cel objetivo de esta jornada es dar a conocer e informar sobre el sistema de atenci\u00f3n social primaria, para que toda la poblaci\u00f3n pueda hacer uso de aquello que en cada etapa de su vida necesite\u201d.<\/p>\n","protected":false},"excerpt":{"rendered":"<div class=\"mh-excerpt\">El Ayuntamiento de Tur\u00eds est\u00e1 dispuesto a que su vecindario conozca de primera mano el funcionamiento y la infraestructura de su departamento, puesto que \u201chemos comprobado que el sistema de servicios sociales no es conocido <a class=\"mh-excerpt-more\" href=\"https:\/\/www.tucomarca.com\/wordpress\/segunda\/el-departamento-de-servicios-sociales-del-ayuntamiento-de-turis-se-da-a-conocer-a-la-ciudadania\/\" title=\"El departamento de Servicios Sociales del Ayuntamiento de Tur\u00eds se da a conocer a la ciudadan\u00eda\">[+] <\/a><\/div>\n","protected":false},"author":1,"featured_media":81976,"comment_status":"open","ping_status":"open","sticky":false,"template":"","format":"standard","meta":{"footnotes":""},"categories":[128,8,42,142,3,43],"tags":[3640,10394],"class_list":{"0":"post-81975","1":"post","2":"type-post","3":"status-publish","4":"format-standard","5":"has-post-thumbnail","7":"category-infraestructuras","8":"category-la-comarca","9":"category-la-ribera","10":"category-politica-la-comarca","11":"category-seccion","12":"category-turis","13":"tag-la-ribera-alta","14":"tag-turis"},"_links":{"self":[{"href":"https:\/\/www.tucomarca.com\/wordpress\/segunda\/wp-json\/wp\/v2\/posts\/81975","targetHints":{"allow":["GET"]}}],"collection":[{"href":"https:\/\/www.tucomarca.com\/wordpress\/segunda\/wp-json\/wp\/v2\/posts"}],"about":[{"href":"https:\/\/www.tucomarca.com\/wordpress\/segunda\/wp-json\/wp\/v2\/types\/post"}],"author":[{"embeddable":true,"href":"https:\/\/www.tucomarca.com\/wordpress\/segunda\/wp-json\/wp\/v2\/users\/1"}],"replies":[{"embeddable":true,"href":"https:\/\/www.tucomarca.com\/wordpress\/segunda\/wp-json\/wp\/v2\/comments?post=81975"}],"version-history":[{"count":0,"href":"https:\/\/www.tucomarca.com\/wordpress\/segunda\/wp-json\/wp\/v2\/posts\/81975\/revisions"}],"wp:featuredmedia":[{"embeddable":true,"href":"https:\/\/www.tucomarca.com\/wordpress\/segunda\/wp-json\/wp\/v2\/media\/81976"}],"wp:attachment":[{"href":"https:\/\/www.tucomarca.com\/wordpress\/segunda\/wp-json\/wp\/v2\/media?parent=81975"}],"wp:term":[{"taxonomy":"category","embeddable":true,"href":"https:\/\/www.tucomarca.com\/wordpress\/segunda\/wp-json\/wp\/v2\/categories?post=81975"},{"taxonomy":"post_tag","embeddable":true,"href":"https:\/\/www.tucomarca.com\/wordpress\/segunda\/wp-json\/wp\/v2\/tags?post=81975"}],"curies":[{"name":"wp","href":"https:\/\/api.w.org\/{rel}","templated":true}]}}