{"id":82059,"date":"2019-02-22T11:43:03","date_gmt":"2019-02-22T09:43:03","guid":{"rendered":"http:\/\/www.tucomarca.com\/wordpress\/segunda\/?p=82059"},"modified":"2019-02-22T11:43:03","modified_gmt":"2019-02-22T09:43:03","slug":"nace-la-plataforma-ciudadana-mas-bunol-abierta-a-vecinos-asociaciones-sindicatos-y-partidos-politicos","status":"publish","type":"post","link":"https:\/\/www.tucomarca.com\/wordpress\/segunda\/nace-la-plataforma-ciudadana-mas-bunol-abierta-a-vecinos-asociaciones-sindicatos-y-partidos-politicos\/","title":{"rendered":"Nace la plataforma ciudadana \u00abM\u00e0s Bu\u00f1ol\u00bb abierta a vecinos, asociaciones, sindicatos y partidos pol\u00edticos"},"content":{"rendered":"<figure id=\"attachment_82060\" aria-describedby=\"caption-attachment-82060\" style=\"width: 332px\" class=\"wp-caption alignleft\"><img loading=\"lazy\" decoding=\"async\" class=\" wp-image-82060\" src=\"https:\/\/www.tucomarca.com\/wordpress\/segunda\/wp-content\/uploads\/2019\/02\/Alejandro.jpg\" alt=\"Alejandro Agustina.\" width=\"332\" height=\"360\" srcset=\"https:\/\/www.tucomarca.com\/wordpress\/segunda\/wp-content\/uploads\/2019\/02\/Alejandro.jpg 1182w, https:\/\/www.tucomarca.com\/wordpress\/segunda\/wp-content\/uploads\/2019\/02\/Alejandro-277x300.jpg 277w, https:\/\/www.tucomarca.com\/wordpress\/segunda\/wp-content\/uploads\/2019\/02\/Alejandro-768x832.jpg 768w, https:\/\/www.tucomarca.com\/wordpress\/segunda\/wp-content\/uploads\/2019\/02\/Alejandro-946x1024.jpg 946w, https:\/\/www.tucomarca.com\/wordpress\/segunda\/wp-content\/uploads\/2019\/02\/Alejandro-1024x1109.jpg 1024w\" sizes=\"auto, (max-width: 332px) 100vw, 332px\" \/><figcaption id=\"caption-attachment-82060\" class=\"wp-caption-text\">Alejandro Agustina.<\/figcaption><\/figure>\n<p>Como ya ha avanzado <strong>tucomarca.com<\/strong> en su edici\u00f3n impresa del pasado jueves, \u00abM\u00e0s Bu\u00f1ol\u00bb es el nombre de la nueva plataforma ciudadana que acaba de nacer en la localidad y que cuenta entre sus principales impulsores con Alejandro Agustina, actual Tercer Teniente Alcalde, Concejal de Participaci\u00f3n, Comunicaci\u00f3n, Desarrollo, Inform\u00e1tica y Sanidad en el Ayuntamiento de Bu\u00f1ol.<\/p>\n<p>El propio Alejandro Agustina ha explicado que M\u00e0s Bu\u00f1ol es \u00abuna plataforma que integra y une a todos por igual: personas, colectivos, sindicatos, partidos, asociaciones, etc\u00e9tera; todos nosotros juntos participando, aportando ideas, propuestas, deliberando y cooperando para que nuestro pueblo renueve la ilusi\u00f3n, la confianza y la alegr\u00eda\u00bb. \u00abSabemos que Bu\u00f1ol tiene un gran potencial y necesita de personas, de equipos que escuchen, que sepan gestionar bien y lo hayan demostrado, desde la pluralidad, m\u00e1s all\u00e1 de las siglas y de los intereses de partido. Bu\u00f1ol nos ocupa, mejorar Bu\u00f1ol es nuestro inter\u00e9s m\u00e1s profundo y representa nuestra m\u00e1s alta convicci\u00f3n. No estamos solos, ni locos\u00bb, ha a\u00f1adido Alejandro Agustina, quien ha subrayado que Bu\u00f1ol \u00abnecesita una herramienta fuerte y \u00e1gil: M\u00e0s Bu\u00f1ol, que es una invitaci\u00f3n a la fuerza de la uni\u00f3n, una plataforma capaz de crear una verdadera cohesi\u00f3n con personas que no se adscriben a ning\u00fan partido, o s\u00ed, no importa, y tambi\u00e9n con otros partidos del \u00e1mbito progresista que apoyen una plataforma de amplio espectro, con una base social absolutamente comprometida en realizar un cambio profundo en la manera de hacer pol\u00edtica, en la organizaci\u00f3n del Ayuntamiento y en el desarrollo econ\u00f3mico de nuestro pueblo, buscando siempre el bienestar de las personas\u00bb.<\/p>\n<p>A juicio del actual responsable de Participaci\u00f3n, Comunicaci\u00f3n, Desarrollo, Inform\u00e1tica y Sanidad en el Ayuntamiento de Bu\u00f1ol, \u00abel sistema democr\u00e1tico espa\u00f1ol es una conquista de muchas personas, individuos y colectivos que tuvieron que pasar verdaderas penurias y sacrificios para que todos podamos elegir libremente qui\u00e9nes nos gobiernan. Como cualquier otro sistema no es perfecto y adem\u00e1s para que mantenga una buena salud, c\u00f3mo nos ha demostrado la historia reciente de los abusos y la corrupci\u00f3n de algunos partidos o dirigentes pol\u00edticos, necesita de una gran dosis de compromiso y participaci\u00f3n ciudadana para exigir transparencia, para controlar la gesti\u00f3n de lo p\u00fablico y velar por el cumplimiento de los programas y el progreso de nuestro pa\u00eds, de nuestra comunidad y de nuestro pueblo\u00bb.<\/p>\n<p><strong>\u00abCasi cuatro a\u00f1os de experiencia\u00bb <\/strong><\/p>\n<p>En este contexto, Alejandro Agustina \u2014que actualmente forma parte del gobierno local bu\u00f1olense con la agrupaci\u00f3n de electores Votamos Bu\u00f1ol\u2014 asegura que la nueva plataforma concurrir\u00e1 a las municipales \u00abdespu\u00e9s de trabajar casi cuatro a\u00f1os en el Ayuntamiento; conocemos en el d\u00eda a d\u00eda las debilidades y las fortalezas de nuestras instituciones, tenemos la experiencia de di\u00e1logo y de gobierno con otras fuerzas pol\u00edticas, sabemos bien qu\u00e9 tenemos en com\u00fan y qu\u00e9 nos diferencia, hemos demostrado ser leales con nuestro votantes y con el pueblo de Bu\u00f1ol, hemos sido capaces de gobernar con cuatro partidos durante toda la legislatura, cada uno con sus prioridades, siempre tratando de llegar a decisiones consensuadas\u00bb.<\/p>\n<p>\u00abHemos demostrado c\u00f3mo la participaci\u00f3n ciudadana ha sido nuestra raz\u00f3n de ser, estructurando como nunca herramientas para que cualquier ciudadano pueda ejercer este derecho. Generando procesos participativos por cada barrio, con nuestro j\u00f3venes en el instituto, y especialmente en una apuesta espec\u00edfica para la recuperaci\u00f3n, a partir de la participaci\u00f3n, del barrio del Castillo\u00bb.<\/p>\n<p>\u00abHemos actualizado el sistema comunicativo del ayuntamiento y dinamizado sus herramientas de comunicaci\u00f3n: desarrollando webs, app para m\u00f3viles, redes sociales, campa\u00f1as publicitarias, revitalizando radio Bu\u00f1ol, creando la televisi\u00f3n local y lo m\u00e1s importante, hemos devuelto los derechos a los trabajadores de radio Bu\u00f1ol despu\u00e9s de diez a\u00f1os sin ellos\u00bb.<\/p>\n<p>\u00abDentro de la implantaci\u00f3n de la primera fase del Plan de Desarrollo Tur\u00edstico hemos obtenido muy buenos resultados, consiguiendo duplicar el n\u00famero de visitantes a Bu\u00f1ol, generando una imagen tur\u00edstica potente de Bu\u00f1ol\u00bb.<\/p>\n<p>\u00abHemos sentado las bases para la modernizaci\u00f3n inform\u00e1tica del Ayuntamiento, implantado la sede electr\u00f3nica con el registro de entrada electr\u00f3nico, la gesti\u00f3n de expedientes y el portal de transparencia. Pusimos en marcha el plan de transformaci\u00f3n digital con instalaciones y equipo nuevos, servidores propios y cortafuegos. Trabajando de forma transversal junto a otros compa\u00f1eros, renovamos y mejoramos equipos, hardware e internet de la EPA, Biblioteca, Conservatorio y la inform\u00e1tica en el polideportivo y en todas la sedes del Ayuntamiento\u00bb. \u00abDesde Sanidad hemos conseguido ampliar a 10 especialidades en el Centro de Salud de Bu\u00f1ol, traer la base del SAMU, apoyando adem\u00e1s de manera firme a la plataforma pro hospital en todas sus reivindicaciones\u00bb.<\/p>\n<p>\u00abSabemos gestionar y estamos contentos con los logros obtenidos desde el trabajo en equipo y en las competencias que se nos dieron en el Ayuntamiento a\u00fan sabiendo que podemos aportar m\u00e1s, mucho m\u00e1s: un plan de desarrollo econ\u00f3mico realista, concreto e ilusionante para redise\u00f1ar el sistema productivo local, dotando a Buinsa de las herramientas necesarias para eso\u00bb, seg\u00fan ha subrayado el concejal de Participaci\u00f3n, Comunicaci\u00f3n, Desarrollo, Inform\u00e1tica y Sanidad en el Ayuntamiento de Bu\u00f1ol.<\/p>\n<p><strong>\u00abAyuntamientos del cambio\u00bb<\/strong><\/p>\n<p>Alejandro Agustina tambi\u00e9n ha manifestado que la nueva agrupaci\u00f3n de electores tiene como referente los \u00abAyuntamientos del cambio\u00bb; por lo que ha asegurado que lanzan esta nueva propuesta electoral \u00aba la ciudadan\u00eda bu\u00f1olera y con vocaci\u00f3n de hacer comarca junto a los pueblos hermanos, coordinando las propuestas en un programa conjunto y participativo. Abiertos a hacer unas primarias en las que elegimos todos. Este es un llamamiento a unirse, a las fuerzas progresistas y a toda la ciudadan\u00eda con o sin adscripci\u00f3n de partido, a la que sigue atenta esperando un cambio y tambi\u00e9n a la que est\u00e1 en la apat\u00eda o la duda. La pol\u00edtica si nos organizamos bien la pueden y la deben hacer tambi\u00e9n las personas\u00bb.<\/p>\n<p>\u00abEstamos convencidos de que la inteligencia colectiva en la cooperaci\u00f3n, la apertura y la pluralidad multiplican y son las mejores llaves para el futuro. Es m\u00e1s necesaria que nunca otra manera de hacer pol\u00edtica que escuche m\u00e1s que imponga, que proponga m\u00e1s que se queje, que colabore m\u00e1s que compita. Amamos Bu\u00f1ol y nos jugamos mucho en la pol\u00edtica bien entendida. Cuidemos Bu\u00f1ol, cuidemos nuestra casa, la de todos, con imaginaci\u00f3n, creatividad e ilusi\u00f3n buscando siempre el bien com\u00fan\u00bb, como ha finalizado Alejandro Agustina.<\/p>\n","protected":false},"excerpt":{"rendered":"<div class=\"mh-excerpt\">Como ya ha avanzado tucomarca.com en su edici\u00f3n impresa del pasado jueves, \u00abM\u00e0s Bu\u00f1ol\u00bb es el nombre de la nueva plataforma ciudadana que acaba de nacer en la localidad y que cuenta entre sus principales <a class=\"mh-excerpt-more\" href=\"https:\/\/www.tucomarca.com\/wordpress\/segunda\/nace-la-plataforma-ciudadana-mas-bunol-abierta-a-vecinos-asociaciones-sindicatos-y-partidos-politicos\/\" title=\"Nace la plataforma ciudadana \u00abM\u00e0s Bu\u00f1ol\u00bb abierta a vecinos, asociaciones, sindicatos y partidos pol\u00edticos\">[+] <\/a><\/div>\n","protected":false},"author":1,"featured_media":82064,"comment_status":"open","ping_status":"open","sticky":false,"template":"","format":"standard","meta":{"footnotes":""},"categories":[18,8,10,142,3,45],"tags":[10385,9906],"class_list":{"0":"post-82059","1":"post","2":"type-post","3":"status-publish","4":"format-standard","5":"has-post-thumbnail","7":"category-bunol","8":"category-la-comarca","9":"category-la-hoya","10":"category-politica-la-comarca","11":"category-seccion","12":"category-ventana","13":"tag-bunol","14":"tag-bunyol"},"_links":{"self":[{"href":"https:\/\/www.tucomarca.com\/wordpress\/segunda\/wp-json\/wp\/v2\/posts\/82059","targetHints":{"allow":["GET"]}}],"collection":[{"href":"https:\/\/www.tucomarca.com\/wordpress\/segunda\/wp-json\/wp\/v2\/posts"}],"about":[{"href":"https:\/\/www.tucomarca.com\/wordpress\/segunda\/wp-json\/wp\/v2\/types\/post"}],"author":[{"embeddable":true,"href":"https:\/\/www.tucomarca.com\/wordpress\/segunda\/wp-json\/wp\/v2\/users\/1"}],"replies":[{"embeddable":true,"href":"https:\/\/www.tucomarca.com\/wordpress\/segunda\/wp-json\/wp\/v2\/comments?post=82059"}],"version-history":[{"count":0,"href":"https:\/\/www.tucomarca.com\/wordpress\/segunda\/wp-json\/wp\/v2\/posts\/82059\/revisions"}],"wp:featuredmedia":[{"embeddable":true,"href":"https:\/\/www.tucomarca.com\/wordpress\/segunda\/wp-json\/wp\/v2\/media\/82064"}],"wp:attachment":[{"href":"https:\/\/www.tucomarca.com\/wordpress\/segunda\/wp-json\/wp\/v2\/media?parent=82059"}],"wp:term":[{"taxonomy":"category","embeddable":true,"href":"https:\/\/www.tucomarca.com\/wordpress\/segunda\/wp-json\/wp\/v2\/categories?post=82059"},{"taxonomy":"post_tag","embeddable":true,"href":"https:\/\/www.tucomarca.com\/wordpress\/segunda\/wp-json\/wp\/v2\/tags?post=82059"}],"curies":[{"name":"wp","href":"https:\/\/api.w.org\/{rel}","templated":true}]}}