{"id":82228,"date":"2019-02-26T11:10:31","date_gmt":"2019-02-26T09:10:31","guid":{"rendered":"http:\/\/www.tucomarca.com\/wordpress\/segunda\/?p=82228"},"modified":"2019-02-26T11:10:31","modified_gmt":"2019-02-26T09:10:31","slug":"leliana-recauda-5-521-euros-para-la-investigacion-en-la-iv-marcha-solidaria-contra-el-cancer","status":"publish","type":"post","link":"https:\/\/www.tucomarca.com\/wordpress\/segunda\/leliana-recauda-5-521-euros-para-la-investigacion-en-la-iv-marcha-solidaria-contra-el-cancer\/","title":{"rendered":"L\u2019Eliana recauda 5.521 euros para la investigaci\u00f3n en la IV Marcha Solidaria contra el C\u00e1ncer"},"content":{"rendered":"<figure id=\"attachment_82230\" aria-describedby=\"caption-attachment-82230\" style=\"width: 270px\" class=\"wp-caption alignleft\"><img loading=\"lazy\" decoding=\"async\" class=\" wp-image-82230\" src=\"https:\/\/www.tucomarca.com\/wordpress\/segunda\/wp-content\/uploads\/2019\/02\/runcancerLEliana.jpg\" alt=\"M\u00e1s de 1750 participantes volvieron a batir el record del 2018.\" width=\"270\" height=\"180\" srcset=\"https:\/\/www.tucomarca.com\/wordpress\/segunda\/wp-content\/uploads\/2019\/02\/runcancerLEliana.jpg 1600w, https:\/\/www.tucomarca.com\/wordpress\/segunda\/wp-content\/uploads\/2019\/02\/runcancerLEliana-300x200.jpg 300w, https:\/\/www.tucomarca.com\/wordpress\/segunda\/wp-content\/uploads\/2019\/02\/runcancerLEliana-768x512.jpg 768w, https:\/\/www.tucomarca.com\/wordpress\/segunda\/wp-content\/uploads\/2019\/02\/runcancerLEliana-1024x682.jpg 1024w\" sizes=\"auto, (max-width: 270px) 100vw, 270px\" \/><figcaption id=\"caption-attachment-82230\" class=\"wp-caption-text\">M\u00e1s de 1750 participantes volvieron a batir el record del 2018.<\/figcaption><\/figure>\n<p><b>M\u00e1s de 1750 participantes volvieron a batir el record del 2018<\/b><\/p>\n<p>Los vecinos y vecinas de l\u2019Eliana volvieron a demostrar por cuarto a\u00f1o consecutivo que nuestro municipio se une ante un evento deportivo y solidario como es la IV Marcha Solidaria contra el C\u00e1ncer. Un a\u00f1o m\u00e1s, batimos nuestro propio record de participaci\u00f3n con m\u00e1s<span class=\"Apple-converted-space\">\u00a0 <\/span>1750 dorsales<span class=\"Apple-converted-space\">\u00a0 <\/span>y una recaudaci\u00f3n total de 5.521\u20ac, que se destinar\u00e1n a becas para la investigaci\u00f3n entregadas por el Circuito RunC\u00e1ncer Valencia.<\/p>\n<p>Momentos antes del arranque de la marcha de 5 kilometros por nuestro municipio, el grupo de Hip Hop de la Escuela Municipal de Danza de l\u2019Eliana realiz\u00f3 un baile de exhibici\u00f3n para animar a los participantes. Tras ellas, tuvo lugar una sesi\u00f3n de calentamiento y estiramientos dirigida por la coordinadora de la Escuela<span class=\"Apple-converted-space\">\u00a0 <\/span>Actividades Dirigidas.<\/p>\n<p>Una vez concluida la marcha, el alcalde Salva Torrent, la concejala de deportes Eva Santaf\u00e9, la presidenta y vicepresidenta de la Junta Local AECC, Gema Ferri y Paqui D\u00edaz hicieron entrega del cheque de m\u00e1s de 5.500\u20ac a Javier Llombart, sub director de la Junta Provincial AECC de Valencia.<\/p>\n<p>\u201c<i>Una vez m\u00e1s demostramos que los vecinos y vecinas de l\u2019Eliana se vuelcan con una causa solidaria como es la lucha contra el C\u00e1ncer. Hemos batido nuestro record con m\u00e1s de 1750 dorsales vendidos y queremos seguir haci\u00e9ndolo en las pr\u00f3ximas ediciones hasta llegar a los 2000<\/i>.\u201d, resalto el alcalde.<span class=\"Apple-converted-space\">\u00a0<\/span><\/p>\n","protected":false},"excerpt":{"rendered":"<div class=\"mh-excerpt\">M\u00e1s de 1750 participantes volvieron a batir el record del 2018 Los vecinos y vecinas de l\u2019Eliana volvieron a demostrar por cuarto a\u00f1o consecutivo que nuestro municipio se une ante un evento deportivo y solidario <a class=\"mh-excerpt-more\" href=\"https:\/\/www.tucomarca.com\/wordpress\/segunda\/leliana-recauda-5-521-euros-para-la-investigacion-en-la-iv-marcha-solidaria-contra-el-cancer\/\" title=\"L\u2019Eliana recauda 5.521 euros para la investigaci\u00f3n en la IV Marcha Solidaria contra el C\u00e1ncer\">[+] <\/a><\/div>\n","protected":false},"author":2,"featured_media":82230,"comment_status":"open","ping_status":"open","sticky":false,"template":"","format":"standard","meta":{"footnotes":""},"categories":[46,119,177,3,45],"tags":[1223,10535,10395,10524],"class_list":{"0":"post-82228","1":"post","2":"type-post","3":"status-publish","4":"format-standard","5":"has-post-thumbnail","7":"category-camp-de-turia","8":"category-sanidad-la-comarca","9":"category-leliana","10":"category-seccion","11":"category-ventana","12":"tag-aecc","13":"tag-ajuntament-de-leliana","14":"tag-camp-de-turia","15":"tag-runcancer"},"_links":{"self":[{"href":"https:\/\/www.tucomarca.com\/wordpress\/segunda\/wp-json\/wp\/v2\/posts\/82228","targetHints":{"allow":["GET"]}}],"collection":[{"href":"https:\/\/www.tucomarca.com\/wordpress\/segunda\/wp-json\/wp\/v2\/posts"}],"about":[{"href":"https:\/\/www.tucomarca.com\/wordpress\/segunda\/wp-json\/wp\/v2\/types\/post"}],"author":[{"embeddable":true,"href":"https:\/\/www.tucomarca.com\/wordpress\/segunda\/wp-json\/wp\/v2\/users\/2"}],"replies":[{"embeddable":true,"href":"https:\/\/www.tucomarca.com\/wordpress\/segunda\/wp-json\/wp\/v2\/comments?post=82228"}],"version-history":[{"count":0,"href":"https:\/\/www.tucomarca.com\/wordpress\/segunda\/wp-json\/wp\/v2\/posts\/82228\/revisions"}],"wp:featuredmedia":[{"embeddable":true,"href":"https:\/\/www.tucomarca.com\/wordpress\/segunda\/wp-json\/wp\/v2\/media\/82230"}],"wp:attachment":[{"href":"https:\/\/www.tucomarca.com\/wordpress\/segunda\/wp-json\/wp\/v2\/media?parent=82228"}],"wp:term":[{"taxonomy":"category","embeddable":true,"href":"https:\/\/www.tucomarca.com\/wordpress\/segunda\/wp-json\/wp\/v2\/categories?post=82228"},{"taxonomy":"post_tag","embeddable":true,"href":"https:\/\/www.tucomarca.com\/wordpress\/segunda\/wp-json\/wp\/v2\/tags?post=82228"}],"curies":[{"name":"wp","href":"https:\/\/api.w.org\/{rel}","templated":true}]}}