{"id":82892,"date":"2019-03-08T16:35:40","date_gmt":"2019-03-08T14:35:40","guid":{"rendered":"http:\/\/www.tucomarca.com\/wordpress\/segunda\/?p=82892"},"modified":"2019-03-08T20:36:15","modified_gmt":"2019-03-08T18:36:15","slug":"la-artistica-de-bunol-negocia-con-henrie-adams-su-continuidad-como-director-artistico-de-la-sociedad-musical","status":"publish","type":"post","link":"https:\/\/www.tucomarca.com\/wordpress\/segunda\/la-artistica-de-bunol-negocia-con-henrie-adams-su-continuidad-como-director-artistico-de-la-sociedad-musical\/","title":{"rendered":"\u00abLa Art\u00edstica\u00bb de Bu\u00f1ol negocia con Henrie Adams su continuidad como director art\u00edstico de la sociedad musical"},"content":{"rendered":"<figure id=\"attachment_82897\" aria-describedby=\"caption-attachment-82897\" style=\"width: 366px\" class=\"wp-caption alignleft\"><img loading=\"lazy\" decoding=\"async\" class=\" wp-image-82897\" src=\"https:\/\/www.tucomarca.com\/wordpress\/segunda\/wp-content\/uploads\/2019\/03\/henrieadams.jpg\" alt=\"El director holand\u00e9s Henrie Adams.\" width=\"366\" height=\"333\" srcset=\"https:\/\/www.tucomarca.com\/wordpress\/segunda\/wp-content\/uploads\/2019\/03\/henrieadams.jpg 659w, https:\/\/www.tucomarca.com\/wordpress\/segunda\/wp-content\/uploads\/2019\/03\/henrieadams-300x273.jpg 300w\" sizes=\"auto, (max-width: 366px) 100vw, 366px\" \/><figcaption id=\"caption-attachment-82897\" class=\"wp-caption-text\">El director holand\u00e9s Henrie Adams.<\/figcaption><\/figure>\n<p>Tal como ha podido saber <strong>tucomarca.com<\/strong>, la directiva de la Sociedad Musical \u00abLa Art\u00edstica\u00bb de Bu\u00f1ol, que preside Francisco Blasco, ha informado hoy a sus m\u00fasicos que\u00a0negocia la continuidad de Henrie Adams como director art\u00edstico de la sociedad, como el propio presidente ha trasladado a los m\u00fasicos esta misma ma\u00f1ana a trav\u00e9s de una red social.<\/p>\n<p>Seg\u00fan ha explicado el presidente en su mensaje, \u00abayer, 7 marzo, firm\u00e9 el despido objetivo de Henrie Adams, con 15 d\u00edas de preaviso. Le hemos dado 15 d\u00edas de vacaciones, con el objetivo de poder llegar a un acuerdo. Si no hay acuerdo, el 22 de Marzo Henrie dejar\u00e1 de ser el director de esta Sociedad Musical\u00bb.<\/p>\n<p>En palabras de Paco Blasco, \u00abdesde hace m\u00e1s de un a\u00f1o y medio, a los Feos nos han surgido problemas, que aunque no los hemos generado nosotros, nos afectan directamente y, poco a poco, la presi\u00f3n externa econ\u00f3mica se ha ido incrementado paulatinamente. Hace un a\u00f1o, iniciamos un proceso de negociaci\u00f3n con Henrie a trav\u00e9s de un abogado mediador, con el objetivo de reducir la presi\u00f3n econ\u00f3mica que su sueldo realiza en nuestra sociedad, bas\u00e1ndonos en la cantidad de actividades externas a esta sociedad que realiza\u00bb.<\/p>\n<p>El presidente ha a\u00f1adido que Henrie Adams \u00abindic\u00f3 que no estaba interesado en hacer ning\u00fan cambio aunque a partir de abril del a\u00f1o pasado tendr\u00eda disponibilidad total con la sociedad. Un a\u00f1o despu\u00e9s, las administraciones siguen incrementando las trabas, que se convierten al final en m\u00e1s presi\u00f3n econ\u00f3mica para esta Sociedad\u00bb.<\/p>\n<p>Preguntado al respecto por este semanario, el propio Francisco Blasco ha manifestado a <strong>tucomarca.com<\/strong> que la decisi\u00f3n tomada por la sociedad que \u00e9l preside\u00a0\u00abno ha sido nada f\u00e1cil, pero la hemos tomado pensando en que hemos\u00a0hecho lo que hemos cre\u00eddo que ser\u00eda lo menos lesivo para nuestra sociedad\u00bb.<\/p>\n<p>\u00abLa verdad es que nos hubiese gustado que todo este proceso y los acontecimientos se hubiesen desarrollado\u00a0de otra forma, pero las cosas se han desarrollado as\u00ed y no nos queda m\u00e1s remedio que aceptarlo\u00bb, ha a\u00f1adido\u00a0el presidente.<\/p>\n<p>\u00abYo entiendo que los m\u00fasicos hubieran preferido que los hubi\u00e9semos consultado previamente a tomar la decisi\u00f3n, pero desgraciadamente\u00a0esto no era posible; hacer una consulta previa no era viable\u00bb, ha\u00a0manifestado Francisco\u00a0Blasco,\u00a0quien tambi\u00e9n ha tenido palabras de elogio hacia Henrie Adams: \u00abcuando vino hace m\u00e1s de treinta a\u00f1os era un director que empezaba. Henrie Adams fue un gran avance para nuestra sociedad musical y tambi\u00e9n un gran avance para la m\u00fasica en la Comunidad Valenciana. Yo soy el primero que lo reconoce, pero tambi\u00e9n hay que reconocer que todo proyecto tiene un momento:\u00a0tiene un punto de comienzo y un punto final. \u00c9l ha sido durante mucho tiempo el director m\u00e1s importante que ha habido en la Comunidad Valenciana: por su forma de ver la m\u00fasica\u00a0y\u00a0por su forma de dirigir;\u00a0pero tambi\u00e9n es cierto que los proyectos empiezan y acaban.\u00a0Aunque hay que pensar que hay m\u00e1s proyectos musicales despu\u00e9s de Henrie Adams\u00bb.<\/p>\n<p>Francisco Blasco tambi\u00e9n ha adelantado a <strong>tucomarca.com<\/strong> que en breve est\u00e1 previsto reunirse con m\u00fasicos\u00a0y socios para informar y abordar este tema.<\/p>\n<p><strong>Henrie Adams<\/strong><\/p>\n<p>Por su parte, el director holand\u00e9s, que ha declinado realizar ning\u00fan tipo de declaraciones, s\u00ed que ha manifestado que la noticia \u00abha sido una sorpresa; lo he puesto en conocimiento de mis letrados\u00a0e ir\u00e9 haciendo lo que ellos me vayan aconsejando\u00bb.<\/p>\n<p>Seg\u00fan se\u00a0refleja en su p\u00e1gina web, Henrie Adams naci\u00f3 en Thorn (Holanda), estudi\u00f3 oboe y direcci\u00f3n en el Conservatorio de Maastricht con Ant\u00f3n Kersjes, Lukas Vis y Pierre Kuijpers.<\/p>\n<p>En el a\u00f1o 1989 fue nombrado director titular de la Banda Sinf\u00f3nica y la Orquesta de la Sociedad Musical \u201cLa Art\u00edstica\u201d de Bu\u00f1ol. En Julio del a\u00f1o 2001 gan\u00f3 al frente de esta banda el titulo \u201cCampe\u00f3n Mundial\u201d en el W.M.C. de Kerkrade (Holanda) consiguiendo la m\u00e1xima puntuaci\u00f3n en la secci\u00f3n de concierto. Su extensa discograf\u00eda cuenta con m\u00e1s de 40 CD\u00b4s grabados con varias orquestas y bandas sinf\u00f3nicas.<\/p>\n<p>Desde enero del 2014 hasta finales del a\u00f1o 2016 fue Director Adjunto de la Banda Municipal de Barcelona.\u00a0En enero del a\u00f1o 2008 fue nombrado Director Principal de la Orquestra sinf\u00f3nica de Castell\u00f3n\u00a0.<\/p>\n<p>Adem\u00e1s,\u00a0ha dirigido, como director titular la orquesta de camera \u201cSinfonietta\u201d de Maastricht (1985-1989), y la Joven Orquesta de la Comunidad Valenciana (1992-1999).<\/p>\n<p>Como invitado, la Banda Sinf\u00f3nica \u201cReal\u201d de La Haya, la Banda Sinf\u00f3nica de \u201cles Guides\u201d de Bruselas, la Banda Sinf\u00f3nica Municipal de Madrid, las Bandas Municipales de La Coru\u00f1a, Alicante, Barcelona y las Orquestas Sinf\u00f3nicas de Limburg, Valencia, Extremadura,\u00a0 Bilbao,\u00a0Castell\u00f3n, etc\u00e9tera.<\/p>\n<p>Henrie Adams ha impartido como profesor varios cursos de direcci\u00f3n de Orquesta y Banda en Madrid, Lalin, Tenerife, Bu\u00f1ol, Mil\u00e1n, Rotterdam, etc\u00e9tera.<\/p>\n","protected":false},"excerpt":{"rendered":"<div class=\"mh-excerpt\">Tal como ha podido saber tucomarca.com, la directiva de la Sociedad Musical \u00abLa Art\u00edstica\u00bb de Bu\u00f1ol, que preside Francisco Blasco, ha informado hoy a sus m\u00fasicos que\u00a0negocia la continuidad de Henrie Adams como director art\u00edstico <a class=\"mh-excerpt-more\" href=\"https:\/\/www.tucomarca.com\/wordpress\/segunda\/la-artistica-de-bunol-negocia-con-henrie-adams-su-continuidad-como-director-artistico-de-la-sociedad-musical\/\" title=\"\u00abLa Art\u00edstica\u00bb de Bu\u00f1ol negocia con Henrie Adams su continuidad como director art\u00edstico de la sociedad musical\">[+] <\/a><\/div>\n","protected":false},"author":1,"featured_media":82897,"comment_status":"open","ping_status":"open","sticky":false,"template":"","format":"standard","meta":{"footnotes":""},"categories":[18,66,72,10,7,3,45],"tags":[10385,9906,10401,10613],"class_list":{"0":"post-82892","1":"post","2":"type-post","3":"status-publish","4":"format-standard","5":"has-post-thumbnail","7":"category-bunol","8":"category-musica","9":"category-sin-categorizar","10":"category-la-hoya","11":"category-ocio-y-cultura","12":"category-seccion","13":"category-ventana","14":"tag-bunol","15":"tag-bunyol","16":"tag-musica","17":"tag-sm-la-artistica"},"_links":{"self":[{"href":"https:\/\/www.tucomarca.com\/wordpress\/segunda\/wp-json\/wp\/v2\/posts\/82892","targetHints":{"allow":["GET"]}}],"collection":[{"href":"https:\/\/www.tucomarca.com\/wordpress\/segunda\/wp-json\/wp\/v2\/posts"}],"about":[{"href":"https:\/\/www.tucomarca.com\/wordpress\/segunda\/wp-json\/wp\/v2\/types\/post"}],"author":[{"embeddable":true,"href":"https:\/\/www.tucomarca.com\/wordpress\/segunda\/wp-json\/wp\/v2\/users\/1"}],"replies":[{"embeddable":true,"href":"https:\/\/www.tucomarca.com\/wordpress\/segunda\/wp-json\/wp\/v2\/comments?post=82892"}],"version-history":[{"count":0,"href":"https:\/\/www.tucomarca.com\/wordpress\/segunda\/wp-json\/wp\/v2\/posts\/82892\/revisions"}],"wp:featuredmedia":[{"embeddable":true,"href":"https:\/\/www.tucomarca.com\/wordpress\/segunda\/wp-json\/wp\/v2\/media\/82897"}],"wp:attachment":[{"href":"https:\/\/www.tucomarca.com\/wordpress\/segunda\/wp-json\/wp\/v2\/media?parent=82892"}],"wp:term":[{"taxonomy":"category","embeddable":true,"href":"https:\/\/www.tucomarca.com\/wordpress\/segunda\/wp-json\/wp\/v2\/categories?post=82892"},{"taxonomy":"post_tag","embeddable":true,"href":"https:\/\/www.tucomarca.com\/wordpress\/segunda\/wp-json\/wp\/v2\/tags?post=82892"}],"curies":[{"name":"wp","href":"https:\/\/api.w.org\/{rel}","templated":true}]}}