{"id":83545,"date":"2019-03-27T19:14:32","date_gmt":"2019-03-27T17:14:32","guid":{"rendered":"http:\/\/www.tucomarca.com\/wordpress\/segunda\/?p=83545"},"modified":"2019-03-27T21:15:11","modified_gmt":"2019-03-27T19:15:11","slug":"este-viernes-arranca-en-cheste-la-iniciativa-juvenil-elolcal","status":"publish","type":"post","link":"https:\/\/www.tucomarca.com\/wordpress\/segunda\/este-viernes-arranca-en-cheste-la-iniciativa-juvenil-elolcal\/","title":{"rendered":"Este viernes arranca en Cheste la iniciativa juvenil \u201cELOLCAL\u201d"},"content":{"rendered":"<div class=\"\">\n<figure id=\"attachment_83550\" aria-describedby=\"caption-attachment-83550\" style=\"width: 302px\" class=\"wp-caption alignleft\"><img loading=\"lazy\" decoding=\"async\" class=\" wp-image-83550\" src=\"https:\/\/www.tucomarca.com\/wordpress\/segunda\/wp-content\/uploads\/2019\/03\/ELOLCAL.jpg\" alt=\"Nueva propuesta de ocio juvenil que ha impulsado la concejal\u00eda de Juventud, bajo el t\u00edtulo de \u201cELOLCAL\u201d.\" width=\"302\" height=\"418\" srcset=\"https:\/\/www.tucomarca.com\/wordpress\/segunda\/wp-content\/uploads\/2019\/03\/ELOLCAL.jpg 4120w, https:\/\/www.tucomarca.com\/wordpress\/segunda\/wp-content\/uploads\/2019\/03\/ELOLCAL-217x300.jpg 217w, https:\/\/www.tucomarca.com\/wordpress\/segunda\/wp-content\/uploads\/2019\/03\/ELOLCAL-768x1062.jpg 768w, https:\/\/www.tucomarca.com\/wordpress\/segunda\/wp-content\/uploads\/2019\/03\/ELOLCAL-741x1024.jpg 741w, https:\/\/www.tucomarca.com\/wordpress\/segunda\/wp-content\/uploads\/2019\/03\/ELOLCAL-1024x1415.jpg 1024w\" sizes=\"auto, (max-width: 302px) 100vw, 302px\" \/><figcaption id=\"caption-attachment-83550\" class=\"wp-caption-text\">Nueva propuesta de ocio juvenil que ha impulsado la concejal\u00eda de Juventud, bajo el t\u00edtulo de \u201cELOLCAL\u201d.<\/figcaption><\/figure>\n<p><span class=\"\">Este viernes, 29 de marzo, se dar\u00e1 a conocer la nueva propuesta de ocio juvenil que ha impulsado la concejal\u00eda de Juventud, bajo el t\u00edtulo de \u201cELOLCAL\u201d. El acto tendr\u00e1 lugar a las 20 horas en la calle P\u00e9rez Gald\u00f3s.<\/span><\/p>\n<\/div>\n<div class=\"\"><span class=\"\">\u201cEl proyecto es el resultado del trabajo realizado desde el Ayuntamiento para elaborar un plan para los y las j\u00f3venes de la localidad que no fuera intrusivo, sino que les generara empat\u00eda. De ah\u00ed nace el propio nombre del proyecto, que contiene con una expresi\u00f3n que resume una situaci\u00f3n que hace gracia: \u201cLOL\u201d, muy utilizada por la gente joven en redes sociales y mensajes de m\u00f3vil, cuyo significado literal es re\u00edr en voz alta o a carcajadas\u201d, explica el alcalde y concejal de Juventud, Jos\u00e9 Morell. \u201cPara evitar imponer un plan de actividades desde el Ayuntamiento, hemos implicado a j\u00f3venes de Cheste con diferentes intereses musicales, deportivos, teatrales y de ocio en general, para que sean ellos y ellas mismas quienes impliquen y motiven al resto de j\u00f3venes. ELOLCAL es una casa de la juventud virtual, mutante e itinerante que englobar\u00e1 ocio alternativo dirigido a j\u00f3venes y programado por j\u00f3venes, con la colaboraci\u00f3n del Ayuntamiento\u201d.<\/span><\/div>\n<div class=\"\"><\/div>\n<div class=\"\"><span class=\"\">As\u00ed, ELOLCAL se presenta como un espacio flexible y cambiante que servir\u00e1 de punto de encuentro y de diversi\u00f3n, con la finalidad de crear una red de j\u00f3venes. \u201cELOLCAL no se asocia a un espacio concreto, sino que puede darse en una calle o plaza, en el teatro, en el pabell\u00f3n deportivo, en el parque de La Lomiquia, en una pista de skate e incluso en el bajo donde quedas con tus amigos y amigas\u201d, apunta Morell.\u00a0<\/span><\/div>\n<div class=\"\"><\/div>\n<div class=\"\"><span class=\"\">El proyecto se ha iniciado gracias a la implicaci\u00f3n de j\u00f3venes que pueden servir de referente para los y las dem\u00e1s. Estas personas ser\u00e1n quienes den el pistoletazo de salida al LOLCAL el pr\u00f3ximo viernes haciendo una breve puesta en escena de lo que pueden ofrecer en pr\u00f3ximos eventos.\u00a0<\/span><\/div>\n<div class=\"\"><\/div>\n<div class=\"\"><span class=\"\">Ya se han unido al proyecto el DJ Urko Cruz, el grupo de metal grave Bibrass D\u2019Or, deportistas de basket, f\u00fatbol y salto de comba, la artista Victoria Izquierdo y actores y actrices de teatro, tanto independientes, como de la escuela municipal de teatro y de la asociaci\u00f3n <i class=\"\">Al Comp\u00e1s Musicales.<\/i><\/span><\/div>\n<div class=\"\"><\/div>\n<div class=\"\"><span class=\"\"><b class=\"\">Balconinj-je-je-je-je<\/b><\/span><\/div>\n<div class=\"\"><span class=\"\">Tras la presentaci\u00f3n del proyecto, el s\u00e1bado 30 de marzo tendr\u00e1 lugar a primera actuaci\u00f3n de esta iniciativa juvenil: \u201cBalconinj-je-je-je-je\u201d, una apuesta teatral en balcones de la plaza de la Iglesia que comenzar\u00e1 a las 21 horas.<\/span><\/div>\n","protected":false},"excerpt":{"rendered":"<div class=\"mh-excerpt\">Este viernes, 29 de marzo, se dar\u00e1 a conocer la nueva propuesta de ocio juvenil que ha impulsado la concejal\u00eda de Juventud, bajo el t\u00edtulo de \u201cELOLCAL\u201d. El acto tendr\u00e1 lugar a las 20 horas <a class=\"mh-excerpt-more\" href=\"https:\/\/www.tucomarca.com\/wordpress\/segunda\/este-viernes-arranca-en-cheste-la-iniciativa-juvenil-elolcal\/\" title=\"Este viernes arranca en Cheste la iniciativa juvenil \u201cELOLCAL\u201d\">[+] <\/a><\/div>\n","protected":false},"author":2,"featured_media":83548,"comment_status":"open","ping_status":"open","sticky":false,"template":"","format":"standard","meta":{"footnotes":""},"categories":[4,17,10,3],"tags":[339],"class_list":{"0":"post-83545","1":"post","2":"type-post","3":"status-publish","4":"format-standard","5":"has-post-thumbnail","7":"category-agenda","8":"category-cheste","9":"category-la-hoya","10":"category-seccion","11":"tag-cheste-2"},"_links":{"self":[{"href":"https:\/\/www.tucomarca.com\/wordpress\/segunda\/wp-json\/wp\/v2\/posts\/83545","targetHints":{"allow":["GET"]}}],"collection":[{"href":"https:\/\/www.tucomarca.com\/wordpress\/segunda\/wp-json\/wp\/v2\/posts"}],"about":[{"href":"https:\/\/www.tucomarca.com\/wordpress\/segunda\/wp-json\/wp\/v2\/types\/post"}],"author":[{"embeddable":true,"href":"https:\/\/www.tucomarca.com\/wordpress\/segunda\/wp-json\/wp\/v2\/users\/2"}],"replies":[{"embeddable":true,"href":"https:\/\/www.tucomarca.com\/wordpress\/segunda\/wp-json\/wp\/v2\/comments?post=83545"}],"version-history":[{"count":0,"href":"https:\/\/www.tucomarca.com\/wordpress\/segunda\/wp-json\/wp\/v2\/posts\/83545\/revisions"}],"wp:featuredmedia":[{"embeddable":true,"href":"https:\/\/www.tucomarca.com\/wordpress\/segunda\/wp-json\/wp\/v2\/media\/83548"}],"wp:attachment":[{"href":"https:\/\/www.tucomarca.com\/wordpress\/segunda\/wp-json\/wp\/v2\/media?parent=83545"}],"wp:term":[{"taxonomy":"category","embeddable":true,"href":"https:\/\/www.tucomarca.com\/wordpress\/segunda\/wp-json\/wp\/v2\/categories?post=83545"},{"taxonomy":"post_tag","embeddable":true,"href":"https:\/\/www.tucomarca.com\/wordpress\/segunda\/wp-json\/wp\/v2\/tags?post=83545"}],"curies":[{"name":"wp","href":"https:\/\/api.w.org\/{rel}","templated":true}]}}