{"id":83555,"date":"2019-03-27T20:59:51","date_gmt":"2019-03-27T18:59:51","guid":{"rendered":"http:\/\/www.tucomarca.com\/wordpress\/segunda\/?p=83555"},"modified":"2019-03-27T20:59:51","modified_gmt":"2019-03-27T18:59:51","slug":"bunol-llevara-su-potencial-musical-hasta-la-proxima-feria-de-las-comarcas-de-valencia","status":"publish","type":"post","link":"https:\/\/www.tucomarca.com\/wordpress\/segunda\/bunol-llevara-su-potencial-musical-hasta-la-proxima-feria-de-las-comarcas-de-valencia\/","title":{"rendered":"Bu\u00f1ol llevar\u00e1 su potencial musical hasta la pr\u00f3xima Feria de las Comarcas de Valencia"},"content":{"rendered":"<figure id=\"attachment_83556\" aria-describedby=\"caption-attachment-83556\" style=\"width: 394px\" class=\"wp-caption alignleft\"><img loading=\"lazy\" decoding=\"async\" class=\" wp-image-83556\" src=\"https:\/\/www.tucomarca.com\/wordpress\/segunda\/wp-content\/uploads\/2019\/03\/CONSERVATORIO.jpg\" alt=\"Cartel de la IV Semana Cultural del Conservatorio.\" width=\"394\" height=\"557\" srcset=\"https:\/\/www.tucomarca.com\/wordpress\/segunda\/wp-content\/uploads\/2019\/03\/CONSERVATORIO.jpg 827w, https:\/\/www.tucomarca.com\/wordpress\/segunda\/wp-content\/uploads\/2019\/03\/CONSERVATORIO-212x300.jpg 212w, https:\/\/www.tucomarca.com\/wordpress\/segunda\/wp-content\/uploads\/2019\/03\/CONSERVATORIO-768x1086.jpg 768w, https:\/\/www.tucomarca.com\/wordpress\/segunda\/wp-content\/uploads\/2019\/03\/CONSERVATORIO-724x1024.jpg 724w\" sizes=\"auto, (max-width: 394px) 100vw, 394px\" \/><figcaption id=\"caption-attachment-83556\" class=\"wp-caption-text\">Cartel de la IV Semana Cultural del Conservatorio.<\/figcaption><\/figure>\n<p>Bu\u00f1ol participar\u00e1, una a\u00f1o m\u00e1s, en la feria provincial de la Plaza de Toros de Valencia donde del 5 al 7 de abril mostrar\u00e1 toda su potente oferta musical, \u00abentre la que destaca la IV Semana Cultural del Conservatorio de M\u00fasica Profesional San Rafael de la localidad, que se celebrar\u00e1 del 15 al 17 de abril; de la XIV Feria de Comercio y Turismo, que se llevar\u00e1 a cabo del 10 al 12 de mayo; y de ese gran evento musical de julio, que har\u00e1 de nuestro municipio la capital mundial de la m\u00fasica: el congreso de la Wasbe\u00bb, como ha puesto de manifiesto el concejal de Turismo, Comercio y Conservatorio del Ayuntamiento de Bu\u00f1ol, Manuel Sierra.<\/p>\n<p>\u00abNumerosos acontecimientos de primer nivel que acontecer\u00e1n en Bu\u00f1ol a lo largo de este 2019 y que pueden encontrarse en el stand de nuestra localidad\u00bb, como ha destacado Manuel Sierra, quien ha avanzado que a esta oferta \u00abse unir\u00e1n los paquetes promocionales con los que cuenta Bu\u00f1ol y que resumen escapadas de fin de semana durante todo el a\u00f1o para descubrir sus parajes naturales, su gastronom\u00eda, su castillo, su m\u00fasica, su arte y sus gentes\u00bb.<\/p>\n<p><strong>Semana Cultural Conservatorio <\/strong><\/p>\n<p>En abril se va a desarrollar la IV Semana Cultural del Conservatorio San Rafael de Bu\u00f1ol. El director del centro musical, Bernat Fabra, ha explicado que se \u00absiguen los objetivos principales de las semanas culturales anteriores, con un elenco de actividades que potencian los valores que se transmiten d\u00eda a d\u00eda a los alumnos y alumnas y que les hacen singulares. Nuestro reto es ofrecer el conjunto de herramientas y habilidades que complementen su formaci\u00f3n musical y personal\u00bb.<\/p>\n<p>Por su parte, Manuel Sierra, ha destacado que esta semana cultural es \u00abun proyecto que naci\u00f3 en esta legislatura y que cumple todos los requisitos para que contin\u00faa en las siguientes, ya que pretende consolidar un sello propio, que le hace un evento atractivo y \u00fanico, dentro de la extensa agenda cultural que se puede encontrar en Bu\u00f1ol a lo largo de todo un a\u00f1o. Esta semana cultural no es m\u00e1s que la voluntad del conservatorio de no vivir de espaldas al pueblo y, en cambio, que todos los vecinos del municipio sientan tanto cari\u00f1o por este centro como pueden sentir por nuestras sociedades musicales\u00bb.<\/p>\n<p>\u00abY es que el Conservatorio de Bu\u00f1ol es fundamental para los m\u00fasicos de La Hoya y que concluyan sus estudios musicales en Valencia, Castell\u00f3n o Zaragoza, o cualquier otra ciudad, permiti\u00e9ndoles un futuro laboral ligado a la profesi\u00f3n que aman. S\u00f3lo por este motivo ya valdr\u00eda la pena cualquier reconocimiento a este centro y esta semana cultural\u00bb.<\/p>\n<p>La semana cultural cuenta con masterclass de trompeta y tuba, adem\u00e1s de un recital de bombardino y piano; un taller-concierto, una charla-coloquio de un grupo de rock bu\u00f1olense, un taller te\u00f3rico-pr\u00e1ctico de m\u00fasica y fisioterapia y un repatterning. \u00abTodo eso resume la amplia cultura musical de la localidad que va m\u00e1s all\u00e1 de la m\u00fasica cl\u00e1sica\u00bb.<\/p>\n<p><strong>Feria del Comercio<\/strong><\/p>\n<p>\u00abDel 10 a 12 de mayo llega uno de los acontecimientos festivos m\u00e1s numerosos de la localidad, es la Feria de Comercio y Turismo, que este a\u00f1o celebra ya su XIV edici\u00f3n. La gastronom\u00eda vuelve a ser protagonista en esta feria, pero la esencia contin\u00faa siendo el comercio local, sus productos y el excelente trato de todos ellos. Tambi\u00e9n los municipios de la comarca estar\u00e1n presentes. Pr\u00e1cticamente tres d\u00edas plagados de diversi\u00f3n, arte, cultura, comercio, turismo\u2026 todo lo que ofrece el amplio escaparate de Bu\u00f1ol a los cientos de visitantes que llegan a esta bella localidad de interior. Cuenta con el apoyo institucional de la Diputaci\u00f3n de Valencia y de la Generalitat Valenciana\u00bb, como ha subrayado Manuel Sierra.<\/p>\n<p><strong>Congreso mundial\u00a0Wasbe<\/strong><\/p>\n<p>Y, por \u00faltimo, el congreso mundial de la Wasbe, \u00abque por primera vez se va a celebrar en un municipio y no en una gran ciudad capital del mundo, y que tendr\u00e1 lugar del 9 al 13 de julio. Reunir\u00e1 a miles de profesionales relacionados con la m\u00fasica de bandas a nivel internacional\u00bb, ha a\u00f1adido el edil de Turismo bu\u00f1olense quien se ha mostrado \u00abespecialmente orgulloso por este congreso, con el que se premia la implicaci\u00f3n de Bu\u00f1ol en la m\u00fasica de bandas, en la cultura musical a todos los niveles y en todos los rincones de la localidad\u00bb.<\/p>\n","protected":false},"excerpt":{"rendered":"<div class=\"mh-excerpt\">Bu\u00f1ol participar\u00e1, una a\u00f1o m\u00e1s, en la feria provincial de la Plaza de Toros de Valencia donde del 5 al 7 de abril mostrar\u00e1 toda su potente oferta musical, \u00abentre la que destaca la IV <a class=\"mh-excerpt-more\" href=\"https:\/\/www.tucomarca.com\/wordpress\/segunda\/bunol-llevara-su-potencial-musical-hasta-la-proxima-feria-de-las-comarcas-de-valencia\/\" title=\"Bu\u00f1ol llevar\u00e1 su potencial musical hasta la pr\u00f3xima Feria de las Comarcas de Valencia\">[+] <\/a><\/div>\n","protected":false},"author":1,"featured_media":83556,"comment_status":"open","ping_status":"open","sticky":false,"template":"","format":"standard","meta":{"footnotes":""},"categories":[4,18,66,10,7,3,45],"tags":[10385,9906],"class_list":{"0":"post-83555","1":"post","2":"type-post","3":"status-publish","4":"format-standard","5":"has-post-thumbnail","7":"category-agenda","8":"category-bunol","9":"category-musica","10":"category-la-hoya","11":"category-ocio-y-cultura","12":"category-seccion","13":"category-ventana","14":"tag-bunol","15":"tag-bunyol"},"_links":{"self":[{"href":"https:\/\/www.tucomarca.com\/wordpress\/segunda\/wp-json\/wp\/v2\/posts\/83555","targetHints":{"allow":["GET"]}}],"collection":[{"href":"https:\/\/www.tucomarca.com\/wordpress\/segunda\/wp-json\/wp\/v2\/posts"}],"about":[{"href":"https:\/\/www.tucomarca.com\/wordpress\/segunda\/wp-json\/wp\/v2\/types\/post"}],"author":[{"embeddable":true,"href":"https:\/\/www.tucomarca.com\/wordpress\/segunda\/wp-json\/wp\/v2\/users\/1"}],"replies":[{"embeddable":true,"href":"https:\/\/www.tucomarca.com\/wordpress\/segunda\/wp-json\/wp\/v2\/comments?post=83555"}],"version-history":[{"count":0,"href":"https:\/\/www.tucomarca.com\/wordpress\/segunda\/wp-json\/wp\/v2\/posts\/83555\/revisions"}],"wp:featuredmedia":[{"embeddable":true,"href":"https:\/\/www.tucomarca.com\/wordpress\/segunda\/wp-json\/wp\/v2\/media\/83556"}],"wp:attachment":[{"href":"https:\/\/www.tucomarca.com\/wordpress\/segunda\/wp-json\/wp\/v2\/media?parent=83555"}],"wp:term":[{"taxonomy":"category","embeddable":true,"href":"https:\/\/www.tucomarca.com\/wordpress\/segunda\/wp-json\/wp\/v2\/categories?post=83555"},{"taxonomy":"post_tag","embeddable":true,"href":"https:\/\/www.tucomarca.com\/wordpress\/segunda\/wp-json\/wp\/v2\/tags?post=83555"}],"curies":[{"name":"wp","href":"https:\/\/api.w.org\/{rel}","templated":true}]}}