{"id":83660,"date":"2019-03-28T19:23:15","date_gmt":"2019-03-28T17:23:15","guid":{"rendered":"http:\/\/www.tucomarca.com\/wordpress\/segunda\/?p=83660"},"modified":"2019-03-28T19:23:15","modified_gmt":"2019-03-28T17:23:15","slug":"titan-de-mahler-y-la-9a-sinfonia-de-beethoven-encabezan-la-programacion-2019-de-la-ofr-de-requena","status":"publish","type":"post","link":"https:\/\/www.tucomarca.com\/wordpress\/segunda\/titan-de-mahler-y-la-9a-sinfonia-de-beethoven-encabezan-la-programacion-2019-de-la-ofr-de-requena\/","title":{"rendered":"Tit\u00e1n de Mahler y la 9\u00aa Sinfon\u00eda de Beethoven encabezan la programaci\u00f3n 2019 de la OFR de Requena"},"content":{"rendered":"<figure id=\"attachment_83661\" aria-describedby=\"caption-attachment-83661\" style=\"width: 416px\" class=\"wp-caption alignleft\"><img loading=\"lazy\" decoding=\"async\" class=\" wp-image-83661\" src=\"https:\/\/www.tucomarca.com\/wordpress\/segunda\/wp-content\/uploads\/2019\/03\/2019-Oquesta-CiudadRequena.jpg\" alt=\"Orquesta Filarm\u00f3nica de la Fundaci\u00f3n Ciudad de Requena.\" width=\"416\" height=\"277\" srcset=\"https:\/\/www.tucomarca.com\/wordpress\/segunda\/wp-content\/uploads\/2019\/03\/2019-Oquesta-CiudadRequena.jpg 4752w, https:\/\/www.tucomarca.com\/wordpress\/segunda\/wp-content\/uploads\/2019\/03\/2019-Oquesta-CiudadRequena-300x200.jpg 300w, https:\/\/www.tucomarca.com\/wordpress\/segunda\/wp-content\/uploads\/2019\/03\/2019-Oquesta-CiudadRequena-768x512.jpg 768w, https:\/\/www.tucomarca.com\/wordpress\/segunda\/wp-content\/uploads\/2019\/03\/2019-Oquesta-CiudadRequena-1024x683.jpg 1024w\" sizes=\"auto, (max-width: 416px) 100vw, 416px\" \/><figcaption id=\"caption-attachment-83661\" class=\"wp-caption-text\">Orquesta Filarm\u00f3nica de la Fundaci\u00f3n Ciudad de Requena.<\/figcaption><\/figure>\n<p><strong>La Orquesta Filarm\u00f3nica de la Fundaci\u00f3n Ciudad de Requena presenta su temporada m\u00e1s ecl\u00e9ctica acompa\u00f1ados por Montserrat Mart\u00ed Caball\u00e9 y Sole Gim\u00e9nez<\/strong><\/p>\n<p>La Orquesta Filarm\u00f3nica de la Fundaci\u00f3n Ciudad de Requena dio a conocer la que ser\u00e1 su programaci\u00f3n 2019, \u00abuna elecci\u00f3n para una formaci\u00f3n polivalente, en la que tienen cabida todos los estilos\u00bb, en palabras de su director Francisco Melero Belmonte.<span class=\"Apple-converted-space\">\u00a0<\/span><\/p>\n<p>As\u00ed, durante el acto celebrado el pasado 24 de marzo en la bodega Dominio de la Vega de Requena, el maestro fue el encargado de desvelar el repertorio que la joven formaci\u00f3n interpretar\u00e1 durante el presente curso, en el que destacan obras sinf\u00f3nicas como <b>&#8216;Tit\u00e1n&#8217;<\/b> o la <b>9\u00aa Sinfon\u00eda de Beethoven<\/b>, as\u00ed como conciertos l\u00edricos o con cantantes pop.<span class=\"Apple-converted-space\">\u00a0<\/span><\/p>\n<p>El pistoletazo de salida de la temporada 2019 tendr\u00e1 lugar el pr\u00f3ximo s\u00e1bado 13 de abril a las 19 horas en la Iglesia de Santa Mar\u00eda de Requena con el tradicional <b>Concierto de Semana Santa<\/b>. En esta ocasi\u00f3n, acompa\u00f1ados por el <b>Orfe\u00f3 Valenci\u00e0<\/b>, la OFR realizar\u00e1 un monogr\u00e1fico de <b>Mozart<\/b>, con la Misa de la Coronaci\u00f3n en Do Mayor K.317 y la Sinfon\u00eda n\u00ba 25 en sol menor como obras principales. Los y las solistas participantes ser\u00e1n la soprano Laia vall\u00e9s, la mezzosoprano Yulia Safonova, el tenor Jos\u00e9 Javier S\u00e1ez y el bajo Francisco Chinillach.<span class=\"Apple-converted-space\">\u00a0<\/span><\/p>\n","protected":false},"excerpt":{"rendered":"<div class=\"mh-excerpt\">La Orquesta Filarm\u00f3nica de la Fundaci\u00f3n Ciudad de Requena presenta su temporada m\u00e1s ecl\u00e9ctica acompa\u00f1ados por Montserrat Mart\u00ed Caball\u00e9 y Sole Gim\u00e9nez La Orquesta Filarm\u00f3nica de la Fundaci\u00f3n Ciudad de Requena dio a conocer la <a class=\"mh-excerpt-more\" href=\"https:\/\/www.tucomarca.com\/wordpress\/segunda\/titan-de-mahler-y-la-9a-sinfonia-de-beethoven-encabezan-la-programacion-2019-de-la-ofr-de-requena\/\" title=\"Tit\u00e1n de Mahler y la 9\u00aa Sinfon\u00eda de Beethoven encabezan la programaci\u00f3n 2019 de la OFR de Requena\">[+] <\/a><\/div>\n","protected":false},"author":2,"featured_media":83661,"comment_status":"open","ping_status":"open","sticky":false,"template":"","format":"standard","meta":{"footnotes":""},"categories":[66,7,28,27,3],"tags":[11536,10388],"class_list":{"0":"post-83660","1":"post","2":"type-post","3":"status-publish","4":"format-standard","5":"has-post-thumbnail","7":"category-musica","8":"category-ocio-y-cultura","9":"category-requena","10":"category-requena-utiel","11":"category-seccion","12":"tag-orquesta-filarmonica-de-la-fundacion-ciudad-de-requena","13":"tag-requena"},"_links":{"self":[{"href":"https:\/\/www.tucomarca.com\/wordpress\/segunda\/wp-json\/wp\/v2\/posts\/83660","targetHints":{"allow":["GET"]}}],"collection":[{"href":"https:\/\/www.tucomarca.com\/wordpress\/segunda\/wp-json\/wp\/v2\/posts"}],"about":[{"href":"https:\/\/www.tucomarca.com\/wordpress\/segunda\/wp-json\/wp\/v2\/types\/post"}],"author":[{"embeddable":true,"href":"https:\/\/www.tucomarca.com\/wordpress\/segunda\/wp-json\/wp\/v2\/users\/2"}],"replies":[{"embeddable":true,"href":"https:\/\/www.tucomarca.com\/wordpress\/segunda\/wp-json\/wp\/v2\/comments?post=83660"}],"version-history":[{"count":0,"href":"https:\/\/www.tucomarca.com\/wordpress\/segunda\/wp-json\/wp\/v2\/posts\/83660\/revisions"}],"wp:featuredmedia":[{"embeddable":true,"href":"https:\/\/www.tucomarca.com\/wordpress\/segunda\/wp-json\/wp\/v2\/media\/83661"}],"wp:attachment":[{"href":"https:\/\/www.tucomarca.com\/wordpress\/segunda\/wp-json\/wp\/v2\/media?parent=83660"}],"wp:term":[{"taxonomy":"category","embeddable":true,"href":"https:\/\/www.tucomarca.com\/wordpress\/segunda\/wp-json\/wp\/v2\/categories?post=83660"},{"taxonomy":"post_tag","embeddable":true,"href":"https:\/\/www.tucomarca.com\/wordpress\/segunda\/wp-json\/wp\/v2\/tags?post=83660"}],"curies":[{"name":"wp","href":"https:\/\/api.w.org\/{rel}","templated":true}]}}