{"id":83766,"date":"2019-03-29T22:39:22","date_gmt":"2019-03-29T20:39:22","guid":{"rendered":"http:\/\/www.tucomarca.com\/wordpress\/segunda\/?p=83766"},"modified":"2019-03-29T22:39:22","modified_gmt":"2019-03-29T20:39:22","slug":"ya-pueden-reservarse-las-instalaciones-deportivas-municipales-desde-la-web-del-ayuntamiento-de-requena","status":"publish","type":"post","link":"https:\/\/www.tucomarca.com\/wordpress\/segunda\/ya-pueden-reservarse-las-instalaciones-deportivas-municipales-desde-la-web-del-ayuntamiento-de-requena\/","title":{"rendered":"Ya pueden reservarse las instalaciones deportivas municipales desde la web del Ayuntamiento de Requena"},"content":{"rendered":"<figure id=\"attachment_83770\" aria-describedby=\"caption-attachment-83770\" style=\"width: 521px\" class=\"wp-caption alignleft\"><img loading=\"lazy\" decoding=\"async\" class=\" wp-image-83770\" src=\"https:\/\/www.tucomarca.com\/wordpress\/segunda\/wp-content\/uploads\/2019\/03\/Requenapistas.png\" alt=\"C\u00f3mo reservar pistas deportivas en Requena.\" width=\"521\" height=\"278\" srcset=\"https:\/\/www.tucomarca.com\/wordpress\/segunda\/wp-content\/uploads\/2019\/03\/Requenapistas.png 1208w, https:\/\/www.tucomarca.com\/wordpress\/segunda\/wp-content\/uploads\/2019\/03\/Requenapistas-300x160.png 300w, https:\/\/www.tucomarca.com\/wordpress\/segunda\/wp-content\/uploads\/2019\/03\/Requenapistas-768x409.png 768w, https:\/\/www.tucomarca.com\/wordpress\/segunda\/wp-content\/uploads\/2019\/03\/Requenapistas-1024x546.png 1024w\" sizes=\"auto, (max-width: 521px) 100vw, 521px\" \/><figcaption id=\"caption-attachment-83770\" class=\"wp-caption-text\">C\u00f3mo reservar pistas deportivas en Requena.<\/figcaption><\/figure>\n<p><b><\/b>El Ayuntamiento de Requena activa la opci\u00f3n de reservar las instalaciones deportivas municipales desde su p\u00e1gina web. Esta novedad, junto con otras que ya se han puesto en marcha como la petici\u00f3n de cita previa para la renovaci\u00f3n del DNI, permite a los ciudadanos una mejor organizaci\u00f3n y una mayor accesibilidad a los servicios.<\/p>\n<p>El equipo de gobierno, con iniciativas como esta, hace hincapi\u00e9 en la importancia de democratizar el uso de instalaciones municipales, para el uso y disfrute de todos los requenenses. Otra de las grandes ventajas que esta novedad aporta es hacer el carnet de las instalaciones municipales deportivas mucho m\u00e1s \u00fatil.<\/p>\n<p>Las instalaciones que ya pueden reservarse desde la web son: las pistas deportivas, los campos de tenis y front\u00f3n, y las diferentes salas como la sala de yoga, judo, tenis de mesa, escalada o la sala de actividades dirigidas.<\/p>\n<p>Para poder realizar la reserva de una de las instalaciones deportivas, se debe acceder a la p\u00e1gina web del Ayuntamiento de Requena (www.requena.es), hacer clic en el men\u00fa en la pesta\u00f1a \u201cadministraci\u00f3n electr\u00f3nica\u201d y en \u201creserva pistas deportivas\u201d. A continuaci\u00f3n, se debe iniciar sesi\u00f3n y, seguidamente, se escoge la instalaci\u00f3n que se desea reservar, la fecha y la hora. Cualquier duda o problema que derive de esta nueva iniciativa puede comunicarse al ayuntamiento para que se lleve a cabo una soluci\u00f3n.<\/p>\n","protected":false},"excerpt":{"rendered":"<div class=\"mh-excerpt\">El Ayuntamiento de Requena activa la opci\u00f3n de reservar las instalaciones deportivas municipales desde su p\u00e1gina web. Esta novedad, junto con otras que ya se han puesto en marcha como la petici\u00f3n de cita previa <a class=\"mh-excerpt-more\" href=\"https:\/\/www.tucomarca.com\/wordpress\/segunda\/ya-pueden-reservarse-las-instalaciones-deportivas-municipales-desde-la-web-del-ayuntamiento-de-requena\/\" title=\"Ya pueden reservarse las instalaciones deportivas municipales desde la web del Ayuntamiento de Requena\">[+] <\/a><\/div>\n","protected":false},"author":1,"featured_media":83770,"comment_status":"open","ping_status":"open","sticky":false,"template":"","format":"standard","meta":{"footnotes":""},"categories":[6,199,28,27,3],"tags":[10388],"class_list":{"0":"post-83766","1":"post","2":"type-post","3":"status-publish","4":"format-standard","5":"has-post-thumbnail","7":"category-deportes","8":"category-polideportivo","9":"category-requena","10":"category-requena-utiel","11":"category-seccion","12":"tag-requena"},"_links":{"self":[{"href":"https:\/\/www.tucomarca.com\/wordpress\/segunda\/wp-json\/wp\/v2\/posts\/83766","targetHints":{"allow":["GET"]}}],"collection":[{"href":"https:\/\/www.tucomarca.com\/wordpress\/segunda\/wp-json\/wp\/v2\/posts"}],"about":[{"href":"https:\/\/www.tucomarca.com\/wordpress\/segunda\/wp-json\/wp\/v2\/types\/post"}],"author":[{"embeddable":true,"href":"https:\/\/www.tucomarca.com\/wordpress\/segunda\/wp-json\/wp\/v2\/users\/1"}],"replies":[{"embeddable":true,"href":"https:\/\/www.tucomarca.com\/wordpress\/segunda\/wp-json\/wp\/v2\/comments?post=83766"}],"version-history":[{"count":0,"href":"https:\/\/www.tucomarca.com\/wordpress\/segunda\/wp-json\/wp\/v2\/posts\/83766\/revisions"}],"wp:featuredmedia":[{"embeddable":true,"href":"https:\/\/www.tucomarca.com\/wordpress\/segunda\/wp-json\/wp\/v2\/media\/83770"}],"wp:attachment":[{"href":"https:\/\/www.tucomarca.com\/wordpress\/segunda\/wp-json\/wp\/v2\/media?parent=83766"}],"wp:term":[{"taxonomy":"category","embeddable":true,"href":"https:\/\/www.tucomarca.com\/wordpress\/segunda\/wp-json\/wp\/v2\/categories?post=83766"},{"taxonomy":"post_tag","embeddable":true,"href":"https:\/\/www.tucomarca.com\/wordpress\/segunda\/wp-json\/wp\/v2\/tags?post=83766"}],"curies":[{"name":"wp","href":"https:\/\/api.w.org\/{rel}","templated":true}]}}