{"id":83801,"date":"2019-03-29T21:40:07","date_gmt":"2019-03-29T19:40:07","guid":{"rendered":"http:\/\/www.tucomarca.com\/wordpress\/segunda\/?p=83801"},"modified":"2019-03-29T21:40:07","modified_gmt":"2019-03-29T19:40:07","slug":"jaime-ruix-sera-presentado-estel-sabado-en-la-casa-gran-como-candidato-a-la-alcaldia-por-contigo","status":"publish","type":"post","link":"https:\/\/www.tucomarca.com\/wordpress\/segunda\/jaime-ruix-sera-presentado-estel-sabado-en-la-casa-gran-como-candidato-a-la-alcaldia-por-contigo\/","title":{"rendered":"Jaime Ruix ser\u00e1 presentado estel s\u00e1bado en La Casa Gran como candidato a la alcald\u00eda por Contigo"},"content":{"rendered":"<figure id=\"attachment_83802\" aria-describedby=\"caption-attachment-83802\" style=\"width: 568px\" class=\"wp-caption alignleft\"><img loading=\"lazy\" decoding=\"async\" class=\" wp-image-83802\" src=\"https:\/\/www.tucomarca.com\/wordpress\/segunda\/wp-content\/uploads\/2019\/03\/JaimeRuix.jpeg\" alt=\"El alcalde de G\u00e1tova, Manuel Martinez y el candidato a la alcald\u00eda de Valencia, Jose Enrique Aguar, acompa\u00f1ar\u00e1n a Ruix en su presentaci\u00f3n.\" width=\"568\" height=\"310\" srcset=\"https:\/\/www.tucomarca.com\/wordpress\/segunda\/wp-content\/uploads\/2019\/03\/JaimeRuix.jpeg 1600w, https:\/\/www.tucomarca.com\/wordpress\/segunda\/wp-content\/uploads\/2019\/03\/JaimeRuix-300x164.jpeg 300w, https:\/\/www.tucomarca.com\/wordpress\/segunda\/wp-content\/uploads\/2019\/03\/JaimeRuix-768x420.jpeg 768w, https:\/\/www.tucomarca.com\/wordpress\/segunda\/wp-content\/uploads\/2019\/03\/JaimeRuix-1024x559.jpeg 1024w\" sizes=\"auto, (max-width: 568px) 100vw, 568px\" \/><figcaption id=\"caption-attachment-83802\" class=\"wp-caption-text\">El alcalde de G\u00e1tova, Manuel Martinez y el candidato a la alcald\u00eda de Valencia, Jose Enrique Aguar, acompa\u00f1ar\u00e1n a Ruix en su presentaci\u00f3n.<\/figcaption><\/figure>\n<p>La semana pasada el partido Contigo hac\u00eda oficial despu\u00e9s de decidir mediante primarias que Jaime Ruix ser\u00eda el candidato a la alcald\u00eda, por eso, han confirmado que el pr\u00f3ximo s\u00e1bado 30 a las 18:30 har\u00e1n la presentaci\u00f3n de su candidatura en uno de los museos con m\u00e1s patrimonio para los poblanos, La Casa Gran.<\/p>\n<p>En el acto aparte de la intervenci\u00f3n de Jaime Ruix como cabeza de lista del partido en La Pobla, tambi\u00e9n le acompa\u00f1ar\u00e1n el actual alcalde de G\u00e1tova, Manuel Mart\u00ednez, quien volver\u00e1 a repetir como candidato a la alcald\u00eda de este municipio del Camp del Turia, aunque esta vez por el partido del cual es presidente provincial. Y tambi\u00e9n intervendr\u00e1 el Presidente Nacional de Contigo y candidato a la alcald\u00eda de Valencia, Jose Enrique Aguar.<\/p>\n<p>Jaime Ruix ha asegurado que \u2018\u2019estamos recibiendo muchos apoyos y muchos comentarios positivos por parte de los vecinos, ya que la gente est\u00e1 cansada de ver siempre las mismas caras, por eso, me gustar\u00eda invitar a todos los poblanos y poblanas a un acto donde la ilusi\u00f3n y las ganas de dar un aire fresco y joven a La Pobla estar\u00e1n presentes durante todo el evento\u2019\u2019. Finalmente, fuentes internas de Contigo informan que \u2018\u2019a\u00fan no van a adelantar los nombres de los componentes de la lista electoral, ya que lo har\u00e1n a finales de abril.\u2019\u2019<span class=\"Apple-converted-space\">\u00a0<\/span><\/p>\n","protected":false},"excerpt":{"rendered":"<div class=\"mh-excerpt\">La semana pasada el partido Contigo hac\u00eda oficial despu\u00e9s de decidir mediante primarias que Jaime Ruix ser\u00eda el candidato a la alcald\u00eda, por eso, han confirmado que el pr\u00f3ximo s\u00e1bado 30 a las 18:30 har\u00e1n <a class=\"mh-excerpt-more\" href=\"https:\/\/www.tucomarca.com\/wordpress\/segunda\/jaime-ruix-sera-presentado-estel-sabado-en-la-casa-gran-como-candidato-a-la-alcaldia-por-contigo\/\" title=\"Jaime Ruix ser\u00e1 presentado estel s\u00e1bado en La Casa Gran como candidato a la alcald\u00eda por Contigo\">[+] <\/a><\/div>\n","protected":false},"author":1,"featured_media":83802,"comment_status":"open","ping_status":"open","sticky":false,"template":"","format":"standard","meta":{"footnotes":""},"categories":[46,128,8,174,142,3],"tags":[10430],"class_list":{"0":"post-83801","1":"post","2":"type-post","3":"status-publish","4":"format-standard","5":"has-post-thumbnail","7":"category-camp-de-turia","8":"category-infraestructuras","9":"category-la-comarca","10":"category-la-pobla","11":"category-politica-la-comarca","12":"category-seccion","13":"tag-la-pobla"},"_links":{"self":[{"href":"https:\/\/www.tucomarca.com\/wordpress\/segunda\/wp-json\/wp\/v2\/posts\/83801","targetHints":{"allow":["GET"]}}],"collection":[{"href":"https:\/\/www.tucomarca.com\/wordpress\/segunda\/wp-json\/wp\/v2\/posts"}],"about":[{"href":"https:\/\/www.tucomarca.com\/wordpress\/segunda\/wp-json\/wp\/v2\/types\/post"}],"author":[{"embeddable":true,"href":"https:\/\/www.tucomarca.com\/wordpress\/segunda\/wp-json\/wp\/v2\/users\/1"}],"replies":[{"embeddable":true,"href":"https:\/\/www.tucomarca.com\/wordpress\/segunda\/wp-json\/wp\/v2\/comments?post=83801"}],"version-history":[{"count":0,"href":"https:\/\/www.tucomarca.com\/wordpress\/segunda\/wp-json\/wp\/v2\/posts\/83801\/revisions"}],"wp:featuredmedia":[{"embeddable":true,"href":"https:\/\/www.tucomarca.com\/wordpress\/segunda\/wp-json\/wp\/v2\/media\/83802"}],"wp:attachment":[{"href":"https:\/\/www.tucomarca.com\/wordpress\/segunda\/wp-json\/wp\/v2\/media?parent=83801"}],"wp:term":[{"taxonomy":"category","embeddable":true,"href":"https:\/\/www.tucomarca.com\/wordpress\/segunda\/wp-json\/wp\/v2\/categories?post=83801"},{"taxonomy":"post_tag","embeddable":true,"href":"https:\/\/www.tucomarca.com\/wordpress\/segunda\/wp-json\/wp\/v2\/tags?post=83801"}],"curies":[{"name":"wp","href":"https:\/\/api.w.org\/{rel}","templated":true}]}}