{"id":84198,"date":"2019-04-04T21:43:00","date_gmt":"2019-04-04T19:43:00","guid":{"rendered":"http:\/\/www.tucomarca.com\/wordpress\/segunda\/?p=84198"},"modified":"2019-04-04T21:43:00","modified_gmt":"2019-04-04T19:43:00","slug":"utiel-centraliza-la-recogida-de-ayuda-humanitaria-de-la-comunidad-valenciana-para-mozambique","status":"publish","type":"post","link":"https:\/\/www.tucomarca.com\/wordpress\/segunda\/utiel-centraliza-la-recogida-de-ayuda-humanitaria-de-la-comunidad-valenciana-para-mozambique\/","title":{"rendered":"Utiel centraliza la recogida de ayuda humanitaria de la Comunidad Valenciana para Mozambique"},"content":{"rendered":"<div class=\"page\" title=\"Page 1\">\n<div class=\"layoutArea\">\n<div class=\"column\">\n<figure id=\"attachment_84199\" aria-describedby=\"caption-attachment-84199\" style=\"width: 536px\" class=\"wp-caption alignleft\"><img loading=\"lazy\" decoding=\"async\" class=\" wp-image-84199\" src=\"https:\/\/www.tucomarca.com\/wordpress\/segunda\/wp-content\/uploads\/2019\/04\/UtielMozambique.jpg\" alt=\"El Ayuntamiento de Utiel solicita la colaboraci\u00f3n de voluntariado para las tareas de almacenaje y carga de los materiales destinados a los afectados por el cicl\u00f3n \u201cIdai\u201d.\" width=\"536\" height=\"253\" srcset=\"https:\/\/www.tucomarca.com\/wordpress\/segunda\/wp-content\/uploads\/2019\/04\/UtielMozambique.jpg 2041w, https:\/\/www.tucomarca.com\/wordpress\/segunda\/wp-content\/uploads\/2019\/04\/UtielMozambique-300x142.jpg 300w, https:\/\/www.tucomarca.com\/wordpress\/segunda\/wp-content\/uploads\/2019\/04\/UtielMozambique-768x363.jpg 768w, https:\/\/www.tucomarca.com\/wordpress\/segunda\/wp-content\/uploads\/2019\/04\/UtielMozambique-1024x484.jpg 1024w\" sizes=\"auto, (max-width: 536px) 100vw, 536px\" \/><figcaption id=\"caption-attachment-84199\" class=\"wp-caption-text\">El Ayuntamiento de Utiel solicita la colaboraci\u00f3n de voluntariado para las tareas de almacenaje y carga de los materiales destinados a los afectados por el cicl\u00f3n \u201cIdai\u201d.<\/figcaption><\/figure>\n<p>Utiel ser\u00e1 el municipio encargado de centralizar la recepci\u00f3n de alimentos y material humanitario de toda la Comunidad Valenciana con destino a Mozambique. El cicl\u00f3n \u201cIdai\u201d ha provocado la situaci\u00f3n de emergencia en el pa\u00eds y la embajada de Mozambique en Espa\u00f1a ha organizado la recogida de ayuda humanitaria a la que se suma el municipio de Utiel como centro de almacenaje de estas donaciones en la Comunidad Valenciana.<\/p>\n<p>Con el objetivo de desarrollar a la mayor celeridad las labores de almacenamiento y carga de material humanitario, el Ayuntamiento de Utiel ha realizado un llamamiento para solicitar la colaboraci\u00f3n ciudadana. Los voluntarios que quieran participar en estas tareas pueden inscribirse directamente en la oficina Pangea del Ayuntamiento de Utiel o a trav\u00e9s del mail pangea@utiel.es.<\/p>\n<p>Por otro lado, todos aquellos ciudadanos que quieran donar alimentos, ropa o material sanitario, pueden trasladarlos a la conserjer\u00eda del propio consistorio utielano. Desde la embajada de Mozambique solicitan alimentos no perecederos como arroz, legumbres o conservas. Tambi\u00e9n se necesita ropa y calzado especialmente chubasqueros y botas de agua. Y entre el listado de recursos imprescindibles estar\u00eda el material sanitario, medicinas, productos de higiene, mantas, lonas pl\u00e1sticas y mosquiteras.<\/p>\n<p>La ayuda humanitaria ser\u00e1 trasladada en camiones desde el almac\u00e9n de Utiel hasta Navarra y posteriormente partir\u00e1n los env\u00edos en contenedores para auxiliar a los millones de damnificados por la cat\u00e1strofe natural de Mozambique.<\/p>\n<\/div>\n<\/div>\n<\/div>\n","protected":false},"excerpt":{"rendered":"<div class=\"mh-excerpt\">Utiel ser\u00e1 el municipio encargado de centralizar la recepci\u00f3n de alimentos y material humanitario de toda la Comunidad Valenciana con destino a Mozambique. El cicl\u00f3n \u201cIdai\u201d ha provocado la situaci\u00f3n de emergencia en el pa\u00eds <a class=\"mh-excerpt-more\" href=\"https:\/\/www.tucomarca.com\/wordpress\/segunda\/utiel-centraliza-la-recogida-de-ayuda-humanitaria-de-la-comunidad-valenciana-para-mozambique\/\" title=\"Utiel centraliza la recogida de ayuda humanitaria de la Comunidad Valenciana para Mozambique\">[+] <\/a><\/div>\n","protected":false},"author":1,"featured_media":84199,"comment_status":"open","ping_status":"open","sticky":false,"template":"","format":"standard","meta":{"footnotes":""},"categories":[8,142,27,3,116,29],"tags":[10387],"class_list":{"0":"post-84198","1":"post","2":"type-post","3":"status-publish","4":"format-standard","5":"has-post-thumbnail","7":"category-la-comarca","8":"category-politica-la-comarca","9":"category-requena-utiel","10":"category-seccion","11":"category-sucesos-la-comarca","12":"category-utiel","13":"tag-requena-utiel"},"_links":{"self":[{"href":"https:\/\/www.tucomarca.com\/wordpress\/segunda\/wp-json\/wp\/v2\/posts\/84198","targetHints":{"allow":["GET"]}}],"collection":[{"href":"https:\/\/www.tucomarca.com\/wordpress\/segunda\/wp-json\/wp\/v2\/posts"}],"about":[{"href":"https:\/\/www.tucomarca.com\/wordpress\/segunda\/wp-json\/wp\/v2\/types\/post"}],"author":[{"embeddable":true,"href":"https:\/\/www.tucomarca.com\/wordpress\/segunda\/wp-json\/wp\/v2\/users\/1"}],"replies":[{"embeddable":true,"href":"https:\/\/www.tucomarca.com\/wordpress\/segunda\/wp-json\/wp\/v2\/comments?post=84198"}],"version-history":[{"count":0,"href":"https:\/\/www.tucomarca.com\/wordpress\/segunda\/wp-json\/wp\/v2\/posts\/84198\/revisions"}],"wp:featuredmedia":[{"embeddable":true,"href":"https:\/\/www.tucomarca.com\/wordpress\/segunda\/wp-json\/wp\/v2\/media\/84199"}],"wp:attachment":[{"href":"https:\/\/www.tucomarca.com\/wordpress\/segunda\/wp-json\/wp\/v2\/media?parent=84198"}],"wp:term":[{"taxonomy":"category","embeddable":true,"href":"https:\/\/www.tucomarca.com\/wordpress\/segunda\/wp-json\/wp\/v2\/categories?post=84198"},{"taxonomy":"post_tag","embeddable":true,"href":"https:\/\/www.tucomarca.com\/wordpress\/segunda\/wp-json\/wp\/v2\/tags?post=84198"}],"curies":[{"name":"wp","href":"https:\/\/api.w.org\/{rel}","templated":true}]}}