{"id":84293,"date":"2019-04-09T21:09:14","date_gmt":"2019-04-09T19:09:14","guid":{"rendered":"http:\/\/www.tucomarca.com\/wordpress\/segunda\/?p=84293"},"modified":"2019-04-09T21:09:14","modified_gmt":"2019-04-09T19:09:14","slug":"fin-de-temporada-para-el-piloto-de-dos-aguas-hector-barbera","status":"publish","type":"post","link":"https:\/\/www.tucomarca.com\/wordpress\/segunda\/fin-de-temporada-para-el-piloto-de-dos-aguas-hector-barbera\/","title":{"rendered":"Fin de temporada para el piloto de Dos Aguas, H\u00e9ctor Barber\u00e1"},"content":{"rendered":"<div class=\"\">\n<div class=\"\">\n<figure id=\"attachment_76206\" aria-describedby=\"caption-attachment-76206\" style=\"width: 334px\" class=\"wp-caption alignleft\"><img loading=\"lazy\" decoding=\"async\" class=\" wp-image-76206\" src=\"https:\/\/www.tucomarca.com\/wordpress\/segunda\/wp-content\/uploads\/2018\/10\/barbera2018_04.jpg\" alt=\"El piloto de Dos Aguas, H\u00e9ctor Barber\u00e1.\" width=\"334\" height=\"223\" srcset=\"https:\/\/www.tucomarca.com\/wordpress\/segunda\/wp-content\/uploads\/2018\/10\/barbera2018_04.jpg 1024w, https:\/\/www.tucomarca.com\/wordpress\/segunda\/wp-content\/uploads\/2018\/10\/barbera2018_04-300x200.jpg 300w, https:\/\/www.tucomarca.com\/wordpress\/segunda\/wp-content\/uploads\/2018\/10\/barbera2018_04-768x512.jpg 768w\" sizes=\"auto, (max-width: 334px) 100vw, 334px\" \/><figcaption id=\"caption-attachment-76206\" class=\"wp-caption-text\">El piloto de Dos Aguas, H\u00e9ctor Barber\u00e1,\u00a0en una imagen de 2018.<\/figcaption><\/figure>\n<p>El pasado fin de semana se celebraba la tercera prueba del mundial de Superbike en el fabuloso circuito de Arag\u00f3n (Motorland-Alca\u00f1iz), donde sucedi\u00f3 lo m\u00e1s inexplicable posible que le puede pasar a un piloto, en este caso estamos hablando de H\u00e9ctor Barber\u00e1.<\/p>\n<p>El domingo no sali\u00f3 a pista ya que, seg\u00fan un comentario en el Instagram del propio H\u00e9ctor, dec\u00eda que \u00abpor falta de recursos no quer\u00eda poner en riesgo su vida y la del resto de competidores\u00bb.<\/p>\n<p>En principio era l\u00f3gico y normal no atentar en una competici\u00f3n donde puede suceder un accidente por no llevar el material adecuado y sufrir una rotura indebida o por tener ese material un desgaste excesivo y arriesgarse a esa rotura.<\/p>\n<p>Hasta aqu\u00ed todo correcto, pero en el equipo dicen que no sali\u00f3 a pista porque les hab\u00edan robado la moto y ellos cre\u00edan que hab\u00eda sido el propio piloto y sus mec\u00e1nicos, con lo que se ha creado una confusi\u00f3n extrema y no sabemos a ciencia cierta si es por cuesti\u00f3n de impagos al propio piloto o si es por falta de medios y presupuesto. Esperamos que se solucione pronto el tema y veamos en la pista a H\u00e9ctor que es donde debe estar. Informa, Elio Zan\u00f3n.<\/p>\n<\/div>\n<\/div>\n","protected":false},"excerpt":{"rendered":"<div class=\"mh-excerpt\">El pasado fin de semana se celebraba la tercera prueba del mundial de Superbike en el fabuloso circuito de Arag\u00f3n (Motorland-Alca\u00f1iz), donde sucedi\u00f3 lo m\u00e1s inexplicable posible que le puede pasar a un piloto, en <a class=\"mh-excerpt-more\" href=\"https:\/\/www.tucomarca.com\/wordpress\/segunda\/fin-de-temporada-para-el-piloto-de-dos-aguas-hector-barbera\/\" title=\"Fin de temporada para el piloto de Dos Aguas, H\u00e9ctor Barber\u00e1\">[+] <\/a><\/div>\n","protected":false},"author":2,"featured_media":76206,"comment_status":"open","ping_status":"open","sticky":false,"template":"","format":"standard","meta":{"footnotes":""},"categories":[6,15,10,91,3],"tags":[1502,11561],"class_list":{"0":"post-84293","1":"post","2":"type-post","3":"status-publish","4":"format-standard","5":"has-post-thumbnail","7":"category-deportes","8":"category-dos-aguas","9":"category-la-hoya","10":"category-motociclismo","11":"category-seccion","12":"tag-hector-barbera","13":"tag-mundial-de-superbike"},"_links":{"self":[{"href":"https:\/\/www.tucomarca.com\/wordpress\/segunda\/wp-json\/wp\/v2\/posts\/84293","targetHints":{"allow":["GET"]}}],"collection":[{"href":"https:\/\/www.tucomarca.com\/wordpress\/segunda\/wp-json\/wp\/v2\/posts"}],"about":[{"href":"https:\/\/www.tucomarca.com\/wordpress\/segunda\/wp-json\/wp\/v2\/types\/post"}],"author":[{"embeddable":true,"href":"https:\/\/www.tucomarca.com\/wordpress\/segunda\/wp-json\/wp\/v2\/users\/2"}],"replies":[{"embeddable":true,"href":"https:\/\/www.tucomarca.com\/wordpress\/segunda\/wp-json\/wp\/v2\/comments?post=84293"}],"version-history":[{"count":0,"href":"https:\/\/www.tucomarca.com\/wordpress\/segunda\/wp-json\/wp\/v2\/posts\/84293\/revisions"}],"wp:featuredmedia":[{"embeddable":true,"href":"https:\/\/www.tucomarca.com\/wordpress\/segunda\/wp-json\/wp\/v2\/media\/76206"}],"wp:attachment":[{"href":"https:\/\/www.tucomarca.com\/wordpress\/segunda\/wp-json\/wp\/v2\/media?parent=84293"}],"wp:term":[{"taxonomy":"category","embeddable":true,"href":"https:\/\/www.tucomarca.com\/wordpress\/segunda\/wp-json\/wp\/v2\/categories?post=84293"},{"taxonomy":"post_tag","embeddable":true,"href":"https:\/\/www.tucomarca.com\/wordpress\/segunda\/wp-json\/wp\/v2\/tags?post=84293"}],"curies":[{"name":"wp","href":"https:\/\/api.w.org\/{rel}","templated":true}]}}