{"id":84405,"date":"2019-04-10T22:44:41","date_gmt":"2019-04-10T20:44:41","guid":{"rendered":"http:\/\/www.tucomarca.com\/wordpress\/segunda\/?p=84405"},"modified":"2019-04-10T22:44:41","modified_gmt":"2019-04-10T20:44:41","slug":"el-pspv-de-riba-roja-reune-a-centenares-de-personas-en-la-presentacion-de-la-candidatura-electoral-del-proximo-26-de-mayo","status":"publish","type":"post","link":"https:\/\/www.tucomarca.com\/wordpress\/segunda\/el-pspv-de-riba-roja-reune-a-centenares-de-personas-en-la-presentacion-de-la-candidatura-electoral-del-proximo-26-de-mayo\/","title":{"rendered":"El PSPV de Riba-roja re\u00fane a centenares de personas en la presentaci\u00f3n de la candidatura electoral del pr\u00f3ximo 26 de mayo"},"content":{"rendered":"<figure id=\"attachment_84407\" aria-describedby=\"caption-attachment-84407\" style=\"width: 356px\" class=\"wp-caption alignleft\"><img loading=\"lazy\" decoding=\"async\" class=\" wp-image-84407\" src=\"https:\/\/www.tucomarca.com\/wordpress\/segunda\/wp-content\/uploads\/2019\/04\/69edf544-fb2d-4912-a3ea-de4492f3d96c.jpg\" alt=\"El actual alcalde de la localidad y cabeza de lista, Robert Raga.\" width=\"356\" height=\"254\" srcset=\"https:\/\/www.tucomarca.com\/wordpress\/segunda\/wp-content\/uploads\/2019\/04\/69edf544-fb2d-4912-a3ea-de4492f3d96c.jpg 1024w, https:\/\/www.tucomarca.com\/wordpress\/segunda\/wp-content\/uploads\/2019\/04\/69edf544-fb2d-4912-a3ea-de4492f3d96c-300x214.jpg 300w, https:\/\/www.tucomarca.com\/wordpress\/segunda\/wp-content\/uploads\/2019\/04\/69edf544-fb2d-4912-a3ea-de4492f3d96c-768x548.jpg 768w\" sizes=\"auto, (max-width: 356px) 100vw, 356px\" \/><figcaption id=\"caption-attachment-84407\" class=\"wp-caption-text\">El actual alcalde de la localidad y cabeza de lista, Robert Raga.<\/figcaption><\/figure>\n<p><strong>El acto ha tenido lugar en el Parque Maldonado de la localidad<\/strong><\/p>\n<p>El PSPV de Riba-roja de T\u00faria ha presentado este pasado fin de semana oficialmente a los integrantes de la candidatura electoral que concurrir\u00e1 a los comicios municipales del pr\u00f3ximo 26 de mayo ante centenares de vecinos asistentes. El acto ha tenido lugar en el emblem\u00e1tico Parque Maldonado de la localidad y al mismo ha asistido, adem\u00e1s, el director general de Emergencias de la Generalitat, Jos\u00e9 Mar\u00eda \u00c1ngel.<span class=\"Apple-converted-space\">\u00a0<\/span><\/p>\n<p>La lista electoral de los socialistas ha sido aprobado por unanimidad tanto por la comisi\u00f3n ejecutiva local como por la asamblea de militantes en un proceso de primarias abiertas en la que se a\u00fana la experiencia de los cuatro a\u00f1os de gesti\u00f3n al frente del ayuntamiento local as\u00ed como la incorporaci\u00f3n de nuevos integrantes que refuerzan n\u00facleos claves y estrat\u00e9gicos en sectores como la educaci\u00f3n, la econom\u00eda, el deporte, los servicios sociales o las tradiciones.<span class=\"Apple-converted-space\">\u00a0<\/span><\/p>\n<p>As\u00ed, los actuales seis concejales que forman parte del equipo de gobierno en el ayuntamiento repiten en la lista de mayo en puestos de salida con un \u00e1nimo por mantener el cambio que se gest\u00f3 hace cuatro a\u00f1os y a la que se incorporan nuevas personas como, entre otros, Jos\u00e9 Luis Ramos en el puesto n\u00famero tres, con amplia experiencia en el mundo de la banca desde el que ha podido conocer la situaci\u00f3n real de las familias de Riba-roja o de las peque\u00f1as y medianas empresas.<span class=\"Apple-converted-space\">\u00a0<\/span><\/p>\n<p>Otros puestos a destacar son el de Z\u00e1fira P\u00e9rez, maestra de profesi\u00f3n en el colegio p\u00fablico Eres Altes; Ana Cris Folgado, en el puesto ocho, una persona muy vinculada al mundo de las fallas, el folklore y las tradiciones locales; en el puesto diez Esther G\u00f3mez, presidenta de la asociaci\u00f3n de vecinos de la urbanizaci\u00f3n Entrenaranjos, y gran conocedora de las \u00e1reas residenciales de Riba-roja; otro nombre a destacar es el de Javier Garc\u00eda, ex deportista profesional de la urbanizaci\u00f3n Mas\u00eda de Traver, y con amplio conocimiento del mundo de los deportes de base.<span class=\"Apple-converted-space\">\u00a0<\/span><\/p>\n<p><img loading=\"lazy\" decoding=\"async\" class=\"alignleft wp-image-84409\" src=\"https:\/\/www.tucomarca.com\/wordpress\/segunda\/wp-content\/uploads\/2019\/04\/3024961e-d912-4bfb-9c3b-8ecc673d512a-1.jpg\" alt=\"\" width=\"605\" height=\"432\" srcset=\"https:\/\/www.tucomarca.com\/wordpress\/segunda\/wp-content\/uploads\/2019\/04\/3024961e-d912-4bfb-9c3b-8ecc673d512a-1.jpg 1024w, https:\/\/www.tucomarca.com\/wordpress\/segunda\/wp-content\/uploads\/2019\/04\/3024961e-d912-4bfb-9c3b-8ecc673d512a-1-300x214.jpg 300w, https:\/\/www.tucomarca.com\/wordpress\/segunda\/wp-content\/uploads\/2019\/04\/3024961e-d912-4bfb-9c3b-8ecc673d512a-1-768x548.jpg 768w\" sizes=\"auto, (max-width: 605px) 100vw, 605px\" \/><\/p>\n<p>Por \u00faltimo, cabe se\u00f1alar otros integrantes de la lista electoral de Riba-roja de T\u00faria vinculados a sectores clave como los servicios sociales, con David Barbancho; o Alfredo Pla, aut\u00f3nomo y comerciante. Cabe a\u00f1adir la presencia de dos periodistas, Fausto Quintanilla y Raquel Pamblanco, en una lista que se cierra con tres referentes en el socialismo de Riba-roja: los ex-portavoces municipales Julia L\u00f3pez y Francisco Navarro y el presidente local durante los \u00faltimos tres lustros, Jos\u00e9 Herv\u00e1s. <span class=\"Apple-converted-space\">\u00a0<\/span><\/p>\n<p>El actual alcalde de la localidad y cabeza de lista, Robert Raga, ha ido presentando uno a uno al resto de los integrantes de la candidatura electoral, 21 miembros en total, a los ha que ha agradecido el <i>\u00abcompromiso\u00bb<\/i> con el proyecto socialista al tiempo que ha esbozado las l\u00edneas clave que explican la composici\u00f3n de la lista electoral bajo un prisma en el que se a\u00fana <i>\u00abexperiencia, juventud y caras nuevas\u00bb<\/i> en clave de futuro <i>\u00abpara consolidar y asentar un modelo de ciudad progresista\u00bb.<span class=\"Apple-converted-space\">\u00a0<\/span><\/i><\/p>\n<p>Raga ha elogiado el trabajo y la gesti\u00f3n desarrollada por los concejales del grupo socialista <i>\u00abcapaces en solo cuatro a\u00f1os de dar un cambio enorme al municipio, tanto en el casco urbano como en las urbanizaciones tras d\u00e9cadas de estancamiento y atraso bajo los gobiernos del Partido Popular\u00bb <\/i>al tiempo que ha incidido en un refuerzo de esta l\u00ednea de trabajo \u00ab<i>con nuevas incorporaciones para conseguir unos buenos resultados que nos permitan seguir dise\u00f1ando un modelo de ciudad integrador, moderno, sostenible y reconocible por todos\u00bb.<\/i><\/p>\n<p>Tras el acto de presentaci\u00f3n, que se ha desarrollado bajo la mirada atenta de centenares de vecinos, se ha servido un refrigerio que ha puesto el colof\u00f3n a la jornada.<span class=\"Apple-converted-space\">\u00a0<\/span><\/p>\n<p>El PSOE de Riba-roja ha terminado de perfilar las l\u00edneas principales que centrar\u00e1n los actos de precampa\u00f1a y de la campa\u00f1a electoral del pr\u00f3ximo mes de mayo en la que destacan \u00abun puerta a puerta\u00bb del candidato a la alcald\u00eda, Robert Raga, en el que explicar\u00e1 la gesti\u00f3n que se ha llevado a cabo durante esta legislatura en m\u00e1s de 1.000 hogares de la localidad.<span class=\"Apple-converted-space\">\u00a0<\/span><\/p>\n<p>En una primera fase se llevar\u00e1n a cabo reuniones y encuentros con m\u00e1s de 100 entidades y asociaciones de la localidad en las que, adem\u00e1s de explicar detalladamente las principales acciones de esta legislatura, se recoger\u00e1n las propuestas e iniciativas aportadas por el propio tejido asociativo y que, posteriormente, se recoger\u00e1n en el programa electoral de los socialistas de Riba-roja.<span class=\"Apple-converted-space\">\u00a0<\/span><\/p>\n<p>En una segunda fase, el candidato a la alcald\u00eda al Ayuntamiento de Riba-roja se volver\u00e1 a reunir con las asociaciones y las entidades para explicarles las propuestas e ideas recogidas en la fase inicial y que se hayan incorporado finalmente al programa electoral del pr\u00f3ximo mes de mayo, con el objetivo de hacerles part\u00edcipes directos de las propuestas con las que los socialistas concurrir\u00e1n a los comicios municipales.<\/p>\n<p>Las entidades y asociaciones de la localidad con las que se reunir\u00e1n los socialistas de Riba-roja abarcan diferentes espectros, como el sector de la educaci\u00f3n, el deporte, la cultura u otros relacionados el bienestar social, con el objetivo principal de profundizar y conocer de primera mano todas las sensibilidades existentes en la localidad y que ayudar a forjar los cimientos de la sociedad de los pr\u00f3ximos a\u00f1os.<span class=\"Apple-converted-space\">\u00a0<\/span><\/p>\n<p>Como complemento a estas reuniones y contactos con el tejido asociativo, el PSPV tambi\u00e9n tiene prevista la celebraci\u00f3n de dos asambleas \u00ababiertas a la ciudadan\u00eda\u00bb de entrada libre a cualquier vecino o vecina de Riba-roja en las que podr\u00e1n preguntar cualquier aspecto relacionado con la gesti\u00f3n y la labor desarrollada a lo largo de esta legislatura, adem\u00e1s, de aportar cualquier idea o propuesta adecuada para a\u00f1os venideros. Adem\u00e1s, estas asambleas \u00ababiertas\u00bb se extender\u00e1n a los barrios y a las urbanizaciones. <span class=\"Apple-converted-space\">\u00a0<\/span><\/p>\n<p>El candidato socialista a la alcald\u00eda, Robert Raga, ha afirmado que la pr\u00f3xima campa\u00f1a electoral \u00abestar\u00e1 centrada en el contacto directo con nuestros vecinos y vecinas a los que les explicaremos las principales l\u00edneas que hemos desarrollado en estos cuatro a\u00f1os y que a simple vista se puede comprobar, con un \u00e1nimo constructivo y abierto a cualquier propuesta que puedan aportar los ciudadanos, una asociaci\u00f3n o cualquier particular sin mayor \u00e1nimo que el de mejorar la vida y el bienestar de Riba-roja\u00bb.<\/p>\n","protected":false},"excerpt":{"rendered":"<div class=\"mh-excerpt\">El acto ha tenido lugar en el Parque Maldonado de la localidad El PSPV de Riba-roja de T\u00faria ha presentado este pasado fin de semana oficialmente a los integrantes de la candidatura electoral que concurrir\u00e1 <a class=\"mh-excerpt-more\" href=\"https:\/\/www.tucomarca.com\/wordpress\/segunda\/el-pspv-de-riba-roja-reune-a-centenares-de-personas-en-la-presentacion-de-la-candidatura-electoral-del-proximo-26-de-mayo\/\" title=\"El PSPV de Riba-roja re\u00fane a centenares de personas en la presentaci\u00f3n de la candidatura electoral del pr\u00f3ximo 26 de mayo\">[+] <\/a><\/div>\n","protected":false},"author":2,"featured_media":84407,"comment_status":"open","ping_status":"open","sticky":false,"template":"","format":"standard","meta":{"footnotes":""},"categories":[46,142,182,3,45],"tags":[10395,2412,1504],"class_list":{"0":"post-84405","1":"post","2":"type-post","3":"status-publish","4":"format-standard","5":"has-post-thumbnail","7":"category-camp-de-turia","8":"category-politica-la-comarca","9":"category-riba-roja","10":"category-seccion","11":"category-ventana","12":"tag-camp-de-turia","13":"tag-pspv-psoe","14":"tag-riba-roja-2"},"_links":{"self":[{"href":"https:\/\/www.tucomarca.com\/wordpress\/segunda\/wp-json\/wp\/v2\/posts\/84405","targetHints":{"allow":["GET"]}}],"collection":[{"href":"https:\/\/www.tucomarca.com\/wordpress\/segunda\/wp-json\/wp\/v2\/posts"}],"about":[{"href":"https:\/\/www.tucomarca.com\/wordpress\/segunda\/wp-json\/wp\/v2\/types\/post"}],"author":[{"embeddable":true,"href":"https:\/\/www.tucomarca.com\/wordpress\/segunda\/wp-json\/wp\/v2\/users\/2"}],"replies":[{"embeddable":true,"href":"https:\/\/www.tucomarca.com\/wordpress\/segunda\/wp-json\/wp\/v2\/comments?post=84405"}],"version-history":[{"count":0,"href":"https:\/\/www.tucomarca.com\/wordpress\/segunda\/wp-json\/wp\/v2\/posts\/84405\/revisions"}],"wp:featuredmedia":[{"embeddable":true,"href":"https:\/\/www.tucomarca.com\/wordpress\/segunda\/wp-json\/wp\/v2\/media\/84407"}],"wp:attachment":[{"href":"https:\/\/www.tucomarca.com\/wordpress\/segunda\/wp-json\/wp\/v2\/media?parent=84405"}],"wp:term":[{"taxonomy":"category","embeddable":true,"href":"https:\/\/www.tucomarca.com\/wordpress\/segunda\/wp-json\/wp\/v2\/categories?post=84405"},{"taxonomy":"post_tag","embeddable":true,"href":"https:\/\/www.tucomarca.com\/wordpress\/segunda\/wp-json\/wp\/v2\/tags?post=84405"}],"curies":[{"name":"wp","href":"https:\/\/api.w.org\/{rel}","templated":true}]}}