{"id":84767,"date":"2019-04-20T14:44:04","date_gmt":"2019-04-20T12:44:04","guid":{"rendered":"http:\/\/www.tucomarca.com\/wordpress\/segunda\/?p=84767"},"modified":"2019-04-20T14:44:04","modified_gmt":"2019-04-20T12:44:04","slug":"el-alumnado-del-ies-ricardo-marin-de-cheste-realiza-un-cortometraje-para-remarcar-la-importancia-de-cuidar-el-medio-ambiente","status":"publish","type":"post","link":"https:\/\/www.tucomarca.com\/wordpress\/segunda\/el-alumnado-del-ies-ricardo-marin-de-cheste-realiza-un-cortometraje-para-remarcar-la-importancia-de-cuidar-el-medio-ambiente\/","title":{"rendered":"El alumnado del IES Ricardo Mar\u00edn de Cheste realiza un cortometraje para remarcar la importancia de cuidar el Medio Ambiente"},"content":{"rendered":"<div class=\"\">\n<figure id=\"attachment_84768\" aria-describedby=\"caption-attachment-84768\" style=\"width: 411px\" class=\"wp-caption alignleft\"><img loading=\"lazy\" decoding=\"async\" class=\" wp-image-84768\" src=\"https:\/\/www.tucomarca.com\/wordpress\/segunda\/wp-content\/uploads\/2019\/04\/corto_cole.jpg\" alt=\"El alumnado del IES Ricardo Mar\u00edn realiza un cortometraje para remarcar la importancia de cuidar el Medio Ambiente.\" width=\"411\" height=\"581\" srcset=\"https:\/\/www.tucomarca.com\/wordpress\/segunda\/wp-content\/uploads\/2019\/04\/corto_cole.jpg 2338w, https:\/\/www.tucomarca.com\/wordpress\/segunda\/wp-content\/uploads\/2019\/04\/corto_cole-212x300.jpg 212w, https:\/\/www.tucomarca.com\/wordpress\/segunda\/wp-content\/uploads\/2019\/04\/corto_cole-768x1086.jpg 768w, https:\/\/www.tucomarca.com\/wordpress\/segunda\/wp-content\/uploads\/2019\/04\/corto_cole-724x1024.jpg 724w, https:\/\/www.tucomarca.com\/wordpress\/segunda\/wp-content\/uploads\/2019\/04\/corto_cole-1024x1448.jpg 1024w\" sizes=\"auto, (max-width: 411px) 100vw, 411px\" \/><figcaption id=\"caption-attachment-84768\" class=\"wp-caption-text\">El alumnado del IES Ricardo Mar\u00edn realiza un cortometraje para remarcar la importancia de cuidar el Medio Ambiente.<\/figcaption><\/figure>\n<p><span class=\"\">El IES Ricardo Mar\u00edn de Cheste ha participado en el proyecto de innovaci\u00f3n educativa MOMO y, desde noviembre, profesorado y alumnado han estado trabajando para realizar el cortometraje titulado \u201cEl despertar de la conciencia verde\u201d, en el que se denuncia el peligro que supone para la vida la contaminaci\u00f3n y que pone de manifiesto la necesidad de crear conciencias m\u00e1s respetuosas con el entorno.<\/span><\/p>\n<\/div>\n<div class=\"\"><span class=\"\">La iniciativa MOMO tiene un fin social; se trata de un proyecto proyecto que a\u00fana impresi\u00f3n 3D, electr\u00f3nica digital y arte y con el que los alumnos y alumnas han aprendido t\u00e9cnicas de animaci\u00f3n, como el Stop Motion, y han construido un sistema de filmaci\u00f3n de v\u00eddeo, como es un <i class=\"\">slider<\/i> o brazo rob\u00f3tico, por medio de una Impresora 3D. Adem\u00e1s, han aprendido a programar los movimientos de este sistema con arduino y electr\u00f3nica digital.<\/span><\/div>\n<div class=\"\"><span class=\"\">Por otra parte, el proyecto conlleva tambi\u00e9n un importante trabajo art\u00edstico, ya que la idea original, el guion, personajes y decorados han sido creados por el propio alumnado.<\/span><\/div>\n<div class=\"\"><\/div>\n<div class=\"\"><span class=\"\">El proyecto comenz\u00f3 con la formaci\u00f3n del profesorado del centro y cuenta con la colaboraci\u00f3n de la concejal\u00eda de Educaci\u00f3n del Ayuntamiento. \u201cDesde la concejal\u00eda de Educaci\u00f3n estamos encantados de financiar este proyecto educativo de contenido medioambiental que ha realizado el alumnado del IES Ricardo Mar\u00edn. Es un proyecto innovador en el que el arte, la ciencia y la tecnolog\u00eda juegan un papel fundamental: electr\u00f3nica digital y arte se conjugan en un proyecto vinculado completamente al terreno, ya que cortometraje <i class=\"\">El despertar de la conciencia verde<\/i>\u201d tiene como protagonista a una algarroba. Mis felicitaciones m\u00e1s sinceras a alumnado y profesorado que se han implicado en este tema\u201d, ha declarado la concejala de Educaci\u00f3n, M\u00aa \u00c1ngeles Llorente.<\/span><\/div>\n<div class=\"\"><\/div>\n<div class=\"\"><span class=\"\">\u2018El despertar de la conciencia verde\u2019 se proyectar\u00e1 por primera vez el 17 de mayo en la Escuela T\u00e9cnica Superior de Ingenier\u00eda de la Universidad de Valencia en Burjassot junto a 26 cortometrajes m\u00e1s de otros centros educativos de Secundaria y Primaria de la provincia de Valencia que tambi\u00e9n est\u00e1n realizando el proyecto con sus estudiantes. Ese d\u00eda, los y las estudiantes del IES Ricardo Mar\u00edn Ib\u00e1\u00f1ez montar\u00e1n un stand explicativo con todo el decorado y maquinaria creados y realizar\u00e1n una exposici\u00f3n p\u00fablica del desarrollo y ejecuci\u00f3n del proyecto.<\/span><\/div>\n<div class=\"\"><\/div>\n<div class=\"\"><span class=\"\"><b class=\"\">Sobre \u201cEl despertar de la conciencia verde\u201d<\/b><\/span><\/div>\n<div class=\"\"><span class=\"\">El cortometraje est\u00e1 ideado a partir de uno de los principales cultivos agr\u00edcolas de la zona, la algarroba. Inspirada en ella, se ha creado a la protagonista de la historia: Garrofina, una algarroba inquieta que va viendo la evoluci\u00f3n de la vida y va metiendo en su peque\u00f1a mochila todos los acontecimientos vividos. Junto a este personaje, tambi\u00e9n aparecer\u00e1n otros secundarios: las \u201colivas\u201d, otro de los cultivos t\u00edpicos de Cheste.<\/span><\/div>\n<div class=\"\"><\/div>\n<div class=\"\"><span class=\"\">La protagonista vivir\u00e1 c\u00f3mo su localidad se llena de contaminaci\u00f3n, como \u00e9sta afecta al entorno y ecosistema con m\u00e1s lluvias, m\u00e1s calor, deforestaci\u00f3n y diferentes cambios clim\u00e1ticos y medioambientales, y c\u00f3mo ha de crear soluciones para despertar \u2018la conciencia verde\u2019 que el planeta necesita.<\/span><\/div>\n","protected":false},"excerpt":{"rendered":"<div class=\"mh-excerpt\">El IES Ricardo Mar\u00edn de Cheste ha participado en el proyecto de innovaci\u00f3n educativa MOMO y, desde noviembre, profesorado y alumnado han estado trabajando para realizar el cortometraje titulado \u201cEl despertar de la conciencia verde\u201d, <a class=\"mh-excerpt-more\" href=\"https:\/\/www.tucomarca.com\/wordpress\/segunda\/el-alumnado-del-ies-ricardo-marin-de-cheste-realiza-un-cortometraje-para-remarcar-la-importancia-de-cuidar-el-medio-ambiente\/\" title=\"El alumnado del IES Ricardo Mar\u00edn de Cheste realiza un cortometraje para remarcar la importancia de cuidar el Medio Ambiente\">[+] <\/a><\/div>\n","protected":false},"author":2,"featured_media":84768,"comment_status":"open","ping_status":"open","sticky":false,"template":"","format":"standard","meta":{"footnotes":""},"categories":[17,8,10,117,7,3],"tags":[339,11578],"class_list":{"0":"post-84767","1":"post","2":"type-post","3":"status-publish","4":"format-standard","5":"has-post-thumbnail","7":"category-cheste","8":"category-la-comarca","9":"category-la-hoya","10":"category-medio-ambiente-la-comarca","11":"category-ocio-y-cultura","12":"category-seccion","13":"tag-cheste-2","14":"tag-ies-ricardo-marin"},"_links":{"self":[{"href":"https:\/\/www.tucomarca.com\/wordpress\/segunda\/wp-json\/wp\/v2\/posts\/84767","targetHints":{"allow":["GET"]}}],"collection":[{"href":"https:\/\/www.tucomarca.com\/wordpress\/segunda\/wp-json\/wp\/v2\/posts"}],"about":[{"href":"https:\/\/www.tucomarca.com\/wordpress\/segunda\/wp-json\/wp\/v2\/types\/post"}],"author":[{"embeddable":true,"href":"https:\/\/www.tucomarca.com\/wordpress\/segunda\/wp-json\/wp\/v2\/users\/2"}],"replies":[{"embeddable":true,"href":"https:\/\/www.tucomarca.com\/wordpress\/segunda\/wp-json\/wp\/v2\/comments?post=84767"}],"version-history":[{"count":0,"href":"https:\/\/www.tucomarca.com\/wordpress\/segunda\/wp-json\/wp\/v2\/posts\/84767\/revisions"}],"wp:featuredmedia":[{"embeddable":true,"href":"https:\/\/www.tucomarca.com\/wordpress\/segunda\/wp-json\/wp\/v2\/media\/84768"}],"wp:attachment":[{"href":"https:\/\/www.tucomarca.com\/wordpress\/segunda\/wp-json\/wp\/v2\/media?parent=84767"}],"wp:term":[{"taxonomy":"category","embeddable":true,"href":"https:\/\/www.tucomarca.com\/wordpress\/segunda\/wp-json\/wp\/v2\/categories?post=84767"},{"taxonomy":"post_tag","embeddable":true,"href":"https:\/\/www.tucomarca.com\/wordpress\/segunda\/wp-json\/wp\/v2\/tags?post=84767"}],"curies":[{"name":"wp","href":"https:\/\/api.w.org\/{rel}","templated":true}]}}