{"id":84794,"date":"2019-04-20T14:42:24","date_gmt":"2019-04-20T12:42:24","guid":{"rendered":"http:\/\/www.tucomarca.com\/wordpress\/segunda\/?p=84794"},"modified":"2019-04-20T14:42:24","modified_gmt":"2019-04-20T12:42:24","slug":"el-poligono-de-leliana-arranca-con-la-construccion-de-cuatro-nuevas-naves-industriales","status":"publish","type":"post","link":"https:\/\/www.tucomarca.com\/wordpress\/segunda\/el-poligono-de-leliana-arranca-con-la-construccion-de-cuatro-nuevas-naves-industriales\/","title":{"rendered":"El pol\u00edgono de l\u2019Eliana arranca con la construcci\u00f3n de cuatro nuevas naves industriales"},"content":{"rendered":"<figure id=\"attachment_84797\" aria-describedby=\"caption-attachment-84797\" style=\"width: 517px\" class=\"wp-caption alignleft\"><img loading=\"lazy\" decoding=\"async\" class=\" wp-image-84797\" src=\"https:\/\/www.tucomarca.com\/wordpress\/segunda\/wp-content\/uploads\/2019\/04\/poligonoLEliana.jpg\" alt=\"El consistorio autoriza las obras de cuatro naves cuyo importe supera los 4 millones de euros.\" width=\"517\" height=\"307\" srcset=\"https:\/\/www.tucomarca.com\/wordpress\/segunda\/wp-content\/uploads\/2019\/04\/poligonoLEliana.jpg 1451w, https:\/\/www.tucomarca.com\/wordpress\/segunda\/wp-content\/uploads\/2019\/04\/poligonoLEliana-300x178.jpg 300w, https:\/\/www.tucomarca.com\/wordpress\/segunda\/wp-content\/uploads\/2019\/04\/poligonoLEliana-768x456.jpg 768w, https:\/\/www.tucomarca.com\/wordpress\/segunda\/wp-content\/uploads\/2019\/04\/poligonoLEliana-1024x608.jpg 1024w\" sizes=\"auto, (max-width: 517px) 100vw, 517px\" \/><figcaption id=\"caption-attachment-84797\" class=\"wp-caption-text\">El consistorio autoriza las obras de cuatro naves cuyo importe supera los 4 millones de euros.<\/figcaption><\/figure>\n<p>La Junta de Gobierno Local aprob\u00f3 el pasado lunes, la autorizaci\u00f3n de las obras para la construcci\u00f3n de cuatro naves industriales en el nuevo pol\u00edgono de l\u2019Eliana. Las parcelas ubicadas en la Avenida de la Pobla de Vallbona ocupar\u00e1n una superficie superior a los 22.000 metros cuadrados, entre las cuatro.<\/p>\n<p>El inicio de las obras es inmediato, por lo que se estima que las instalaciones se encuentren a pleno rendimiento a principios del a\u00f1o 2020.<\/p>\n<p>El alcalde de l\u2019Eliana, Salva Torrent, ha destacado que \u201c<i>desde que el Ayuntamiento asumi\u00f3 la gesti\u00f3n directa se est\u00e1 trabajando para completar, en el menor tiempo posible, la finalizaci\u00f3n del recinto industrial<\/i>\u201d y ha recordado que \u201c<i>la puesta en marcha del Pol\u00edgono supondr\u00e1 un antes y un despu\u00e9s en el futuro de l\u2019Eliana, dado que nos va a permitir atraer empresas y generar un tejido industrial que no exist\u00eda, multiplicando los puestos de empleo y el bienestar de nuestros vecinos y vecinas<\/i>\u201d.<span class=\"Apple-converted-space\">\u00a0<\/span><\/p>\n","protected":false},"excerpt":{"rendered":"<div class=\"mh-excerpt\">La Junta de Gobierno Local aprob\u00f3 el pasado lunes, la autorizaci\u00f3n de las obras para la construcci\u00f3n de cuatro naves industriales en el nuevo pol\u00edgono de l\u2019Eliana. Las parcelas ubicadas en la Avenida de la <a class=\"mh-excerpt-more\" href=\"https:\/\/www.tucomarca.com\/wordpress\/segunda\/el-poligono-de-leliana-arranca-con-la-construccion-de-cuatro-nuevas-naves-industriales\/\" title=\"El pol\u00edgono de l\u2019Eliana arranca con la construcci\u00f3n de cuatro nuevas naves industriales\">[+] <\/a><\/div>\n","protected":false},"author":1,"featured_media":84797,"comment_status":"open","ping_status":"open","sticky":false,"template":"","format":"standard","meta":{"footnotes":""},"categories":[46,128,177,8,142,3,45],"tags":[10433],"class_list":{"0":"post-84794","1":"post","2":"type-post","3":"status-publish","4":"format-standard","5":"has-post-thumbnail","7":"category-camp-de-turia","8":"category-infraestructuras","9":"category-leliana","10":"category-la-comarca","11":"category-politica-la-comarca","12":"category-seccion","13":"category-ventana","14":"tag-leliana"},"_links":{"self":[{"href":"https:\/\/www.tucomarca.com\/wordpress\/segunda\/wp-json\/wp\/v2\/posts\/84794","targetHints":{"allow":["GET"]}}],"collection":[{"href":"https:\/\/www.tucomarca.com\/wordpress\/segunda\/wp-json\/wp\/v2\/posts"}],"about":[{"href":"https:\/\/www.tucomarca.com\/wordpress\/segunda\/wp-json\/wp\/v2\/types\/post"}],"author":[{"embeddable":true,"href":"https:\/\/www.tucomarca.com\/wordpress\/segunda\/wp-json\/wp\/v2\/users\/1"}],"replies":[{"embeddable":true,"href":"https:\/\/www.tucomarca.com\/wordpress\/segunda\/wp-json\/wp\/v2\/comments?post=84794"}],"version-history":[{"count":0,"href":"https:\/\/www.tucomarca.com\/wordpress\/segunda\/wp-json\/wp\/v2\/posts\/84794\/revisions"}],"wp:featuredmedia":[{"embeddable":true,"href":"https:\/\/www.tucomarca.com\/wordpress\/segunda\/wp-json\/wp\/v2\/media\/84797"}],"wp:attachment":[{"href":"https:\/\/www.tucomarca.com\/wordpress\/segunda\/wp-json\/wp\/v2\/media?parent=84794"}],"wp:term":[{"taxonomy":"category","embeddable":true,"href":"https:\/\/www.tucomarca.com\/wordpress\/segunda\/wp-json\/wp\/v2\/categories?post=84794"},{"taxonomy":"post_tag","embeddable":true,"href":"https:\/\/www.tucomarca.com\/wordpress\/segunda\/wp-json\/wp\/v2\/tags?post=84794"}],"curies":[{"name":"wp","href":"https:\/\/api.w.org\/{rel}","templated":true}]}}