{"id":84898,"date":"2019-04-24T18:30:18","date_gmt":"2019-04-24T16:30:18","guid":{"rendered":"http:\/\/www.tucomarca.com\/wordpress\/segunda\/?p=84898"},"modified":"2019-04-24T18:30:18","modified_gmt":"2019-04-24T16:30:18","slug":"un-nuevo-ciclo-vivir-de-cine-arranca-en-bunol-este-jueves-con-grandes-atractivos-cinematograficos","status":"publish","type":"post","link":"https:\/\/www.tucomarca.com\/wordpress\/segunda\/un-nuevo-ciclo-vivir-de-cine-arranca-en-bunol-este-jueves-con-grandes-atractivos-cinematograficos\/","title":{"rendered":"Un nuevo ciclo Vivir de Cine arranca en Bu\u00f1ol este jueves con grandes atractivos cinematogr\u00e1ficos"},"content":{"rendered":"<p>El Festival Vivir de Cine de Bu\u00f1ol 2019 arranca\u00a0este jueves, 25 de abril, y se prolongar\u00e1 hasta el 30 de mayo y traer\u00e1 grandes pel\u00edculas a los dos teatros de la localidad todos los jueves a las 22,30 horas a un precio de tres euros.\u00a0Como cada a\u00f1o, excepto en las galas de inauguraci\u00f3n y clausura, todos los pases previos a la pel\u00edcula ir\u00e1n precedidos de cortos.<\/p>\n<p>Este a\u00f1o los cuatro cortos del Circuit Valenci\u00e0 de Cultura son de animaci\u00f3n, de entre 5 y 12 minutos, que hablan de temas tan importantes como los trasplantes de \u00f3rganos, los refugiados, los muros y la ecolog\u00eda. Podr\u00e1n verse los d\u00edas 2, 9, 16 y 23 de mayo, momentos previos a la pel\u00edcula, y son Dry Fly, Marhaba (Hello), The Neverending Wall y Patchwork.<\/p>\n<p>Las pel\u00edculas que se proyectar\u00e1n todos los jueves desde el 25 de abril al 30 de mayo de forma alterna en uno de los dos teatros de Bu\u00f1ol en horario de 22,30 horas y a un precio de tres euros son Qui\u00e9n te cantar\u00e1, \u00bfPodr\u00e1s perdonarme alg\u00fan d\u00eda?, Custodia compartida, Cold War, The Old Man and the gun y El Desentierro.<\/p>\n<p>La primera pel\u00edcula se proyecta el 25 de abril en el Palacio de la M\u00fasica. Al acto de inauguraci\u00f3n asistir\u00e1n concejales del consistorio y como actor invitado estar\u00e1 Ferr\u00e1n Gadea, conocido por \u00abTonet\u00bb en la serie L\u2019Alqueria Blanca de RTVV. En dicho acto dar\u00e1 la bienvenida Arnaldo Carrascosa, concejal de Cultura, con un peque\u00f1o discurso; tras \u00e9l, Juncal Carrascosa, alcaldesa de Bu\u00f1ol, quien tambi\u00e9n agradecer\u00e1 la asistencia a todos los presentes y recordar\u00e1 \u00abla buena salud de la que goza este festival de cine\u00bb; y finalmente cerrar\u00e1 el acto Ferr\u00e1n Gadea con un discurso sobre las artes esc\u00e9nicas y en especial el cuidado de Bu\u00f1ol por el s\u00e9ptimo arte.<\/p>\n<p>Este conocido actor valenciano nace en el seno de una familia de panaderos en Burjassot, inicia en\u00a01996\u00a0los estudios de arte dram\u00e1tico en la Escuela Superior de Arte Dram\u00e1tico de\u00a0Valencia, licenci\u00e1ndose en\u00a02000.\u00a0Gadea ha desarrollado su actividad de actor principalmente en el teatro, pero tambi\u00e9n ha trabajado en el cine y la televisi\u00f3n, donde gan\u00f3 gran popularidad entre el p\u00fablico valenciano sobre todo despu\u00e9s de su papel en la serie L&#8217;Alqueria Blanca donde interpretaba el personaje de \u00abTonet\u00bb.<\/p>\n<p>La tarde del 25 de abril, Ferr\u00e1n Gadea visitar\u00e1 el municipio de Bu\u00f1ol junto a ediles del Ayuntamiento y tambi\u00e9n ofrecer\u00e1 una rueda de prensa a los medios de comunicaci\u00f3n. \u00abA\u00f1o tras a\u00f1o este festival cinematogr\u00e1fico ofrece novedades, pel\u00edculas y cortos de gran calidad y de enorme compromiso social, que hacen que cada jueves Bu\u00f1ol y sus teatros se llenen de vecinos, visitantes y aficionados al buen cine\u00bb, han explicado desde la organizaci\u00f3n.<\/p>\n<p>Respecto al cartel de este Vivir de Cine, el edil de Cultura del Ayuntamiento de Bu\u00f1ol ha afirmado que es \u00abun homenaje a Stanley Donnen, renovador de la comedia y el musical, \u00faltimo superviviente de la edad dorada de Hollywood, fallecido hace unas semanas. Como novedad este a\u00f1o, de las seis pel\u00edculas, una de ellas pertenece a la oferta audiovisual del Circuit Valenci\u00e0 y de ella se har\u00e1 un pase especial por la ma\u00f1ana para alumnos del IES La Hoya de Bu\u00f1ol. Esta pel\u00edcula, El Desentierro, protagonizada entre otros por Leonardo Sbaraglia y Ana Torrent, es un thriller cuya acci\u00f3n se desarrolla en Valencia. Cerrar\u00e1 el festival y ser\u00e1 su director Nacho Ruip\u00e9rez quien nos acompa\u00f1ar\u00e1 en el acto de clausura\u00bb, como ha destacado el concejal. \u00abLas otras cinco pel\u00edculas tienen en com\u00fan, adem\u00e1s de su calidad, el que todas han estado nominadas y algunas han sido premiadas. Un a\u00f1o m\u00e1s, bienvenidos al cine en sala oscura\u00bb, ha finalizado Arnaldo Carrascosa.<\/p>\n","protected":false},"excerpt":{"rendered":"<div class=\"mh-excerpt\">El Festival Vivir de Cine de Bu\u00f1ol 2019 arranca\u00a0este jueves, 25 de abril, y se prolongar\u00e1 hasta el 30 de mayo y traer\u00e1 grandes pel\u00edculas a los dos teatros de la localidad todos los jueves <a class=\"mh-excerpt-more\" href=\"https:\/\/www.tucomarca.com\/wordpress\/segunda\/un-nuevo-ciclo-vivir-de-cine-arranca-en-bunol-este-jueves-con-grandes-atractivos-cinematograficos\/\" title=\"Un nuevo ciclo Vivir de Cine arranca en Bu\u00f1ol este jueves con grandes atractivos cinematogr\u00e1ficos\">[+] <\/a><\/div>\n","protected":false},"author":1,"featured_media":49042,"comment_status":"open","ping_status":"open","sticky":false,"template":"","format":"standard","meta":{"footnotes":""},"categories":[4,18,10,7,3],"tags":[10385,9906],"class_list":{"0":"post-84898","1":"post","2":"type-post","3":"status-publish","4":"format-standard","5":"has-post-thumbnail","7":"category-agenda","8":"category-bunol","9":"category-la-hoya","10":"category-ocio-y-cultura","11":"category-seccion","12":"tag-bunol","13":"tag-bunyol"},"_links":{"self":[{"href":"https:\/\/www.tucomarca.com\/wordpress\/segunda\/wp-json\/wp\/v2\/posts\/84898","targetHints":{"allow":["GET"]}}],"collection":[{"href":"https:\/\/www.tucomarca.com\/wordpress\/segunda\/wp-json\/wp\/v2\/posts"}],"about":[{"href":"https:\/\/www.tucomarca.com\/wordpress\/segunda\/wp-json\/wp\/v2\/types\/post"}],"author":[{"embeddable":true,"href":"https:\/\/www.tucomarca.com\/wordpress\/segunda\/wp-json\/wp\/v2\/users\/1"}],"replies":[{"embeddable":true,"href":"https:\/\/www.tucomarca.com\/wordpress\/segunda\/wp-json\/wp\/v2\/comments?post=84898"}],"version-history":[{"count":0,"href":"https:\/\/www.tucomarca.com\/wordpress\/segunda\/wp-json\/wp\/v2\/posts\/84898\/revisions"}],"wp:featuredmedia":[{"embeddable":true,"href":"https:\/\/www.tucomarca.com\/wordpress\/segunda\/wp-json\/wp\/v2\/media\/49042"}],"wp:attachment":[{"href":"https:\/\/www.tucomarca.com\/wordpress\/segunda\/wp-json\/wp\/v2\/media?parent=84898"}],"wp:term":[{"taxonomy":"category","embeddable":true,"href":"https:\/\/www.tucomarca.com\/wordpress\/segunda\/wp-json\/wp\/v2\/categories?post=84898"},{"taxonomy":"post_tag","embeddable":true,"href":"https:\/\/www.tucomarca.com\/wordpress\/segunda\/wp-json\/wp\/v2\/tags?post=84898"}],"curies":[{"name":"wp","href":"https:\/\/api.w.org\/{rel}","templated":true}]}}