{"id":84902,"date":"2019-04-24T18:39:45","date_gmt":"2019-04-24T16:39:45","guid":{"rendered":"http:\/\/www.tucomarca.com\/wordpress\/segunda\/?p=84902"},"modified":"2019-04-24T18:39:45","modified_gmt":"2019-04-24T16:39:45","slug":"unidas-podemos-eu-realiza-su-mitin-de-campana-este-jueves-en-bunol","status":"publish","type":"post","link":"https:\/\/www.tucomarca.com\/wordpress\/segunda\/unidas-podemos-eu-realiza-su-mitin-de-campana-este-jueves-en-bunol\/","title":{"rendered":"Unidas Podemos-EU realiza su mitin de campa\u00f1a este jueves en Bu\u00f1ol"},"content":{"rendered":"<figure id=\"attachment_84910\" aria-describedby=\"caption-attachment-84910\" style=\"width: 442px\" class=\"wp-caption alignleft\"><img loading=\"lazy\" decoding=\"async\" class=\" wp-image-84910\" src=\"https:\/\/www.tucomarca.com\/wordpress\/segunda\/wp-content\/uploads\/2019\/04\/rafa-mati.jpg\" alt=\"Rafael P\u00e9rez (EU) y Mati Mas (Podemos).\" width=\"442\" height=\"255\" srcset=\"https:\/\/www.tucomarca.com\/wordpress\/segunda\/wp-content\/uploads\/2019\/04\/rafa-mati.jpg 658w, https:\/\/www.tucomarca.com\/wordpress\/segunda\/wp-content\/uploads\/2019\/04\/rafa-mati-300x173.jpg 300w\" sizes=\"auto, (max-width: 442px) 100vw, 442px\" \/><figcaption id=\"caption-attachment-84910\" class=\"wp-caption-text\">Rafael P\u00e9rez (EU) y Mati Mas (Podemos).<\/figcaption><\/figure>\n<p>La Sala El mercado de Bu\u00f1ol acoge este jueves, 25 de abril, a las 19,00 horas el mitin electoral de Unidas Podemos-EU para las elecciones generales y auton\u00f3micas.<\/p>\n<p>Seg\u00fan han informado fuentes de la organizaci\u00f3n, en el acto est\u00e1 prevista la intervenci\u00f3n de Mati Mas Mont\u00f3 (Secretaria Pol\u00edtica de Podemos en Bu\u00f1ol), Rafa P\u00e9rez Gil (candidato a alcalde de Bu\u00f1ol por EUPV), Roser Maestro Moliner (Candidata comunista por EUPV al Congreso de los Diputados) y H\u00e9ctor Illueca Ballester (primer candidato al congreso de los Diputados por Valencia y miembro de Podemos).<\/p>\n","protected":false},"excerpt":{"rendered":"<div class=\"mh-excerpt\">La Sala El mercado de Bu\u00f1ol acoge este jueves, 25 de abril, a las 19,00 horas el mitin electoral de Unidas Podemos-EU para las elecciones generales y auton\u00f3micas. Seg\u00fan han informado fuentes de la organizaci\u00f3n, <a class=\"mh-excerpt-more\" href=\"https:\/\/www.tucomarca.com\/wordpress\/segunda\/unidas-podemos-eu-realiza-su-mitin-de-campana-este-jueves-en-bunol\/\" title=\"Unidas Podemos-EU realiza su mitin de campa\u00f1a este jueves en Bu\u00f1ol\">[+] <\/a><\/div>\n","protected":false},"author":1,"featured_media":84910,"comment_status":"open","ping_status":"open","sticky":false,"template":"","format":"standard","meta":{"footnotes":""},"categories":[18,8,10,142,3],"tags":[10385,9906],"class_list":{"0":"post-84902","1":"post","2":"type-post","3":"status-publish","4":"format-standard","5":"has-post-thumbnail","7":"category-bunol","8":"category-la-comarca","9":"category-la-hoya","10":"category-politica-la-comarca","11":"category-seccion","12":"tag-bunol","13":"tag-bunyol"},"_links":{"self":[{"href":"https:\/\/www.tucomarca.com\/wordpress\/segunda\/wp-json\/wp\/v2\/posts\/84902","targetHints":{"allow":["GET"]}}],"collection":[{"href":"https:\/\/www.tucomarca.com\/wordpress\/segunda\/wp-json\/wp\/v2\/posts"}],"about":[{"href":"https:\/\/www.tucomarca.com\/wordpress\/segunda\/wp-json\/wp\/v2\/types\/post"}],"author":[{"embeddable":true,"href":"https:\/\/www.tucomarca.com\/wordpress\/segunda\/wp-json\/wp\/v2\/users\/1"}],"replies":[{"embeddable":true,"href":"https:\/\/www.tucomarca.com\/wordpress\/segunda\/wp-json\/wp\/v2\/comments?post=84902"}],"version-history":[{"count":0,"href":"https:\/\/www.tucomarca.com\/wordpress\/segunda\/wp-json\/wp\/v2\/posts\/84902\/revisions"}],"wp:featuredmedia":[{"embeddable":true,"href":"https:\/\/www.tucomarca.com\/wordpress\/segunda\/wp-json\/wp\/v2\/media\/84910"}],"wp:attachment":[{"href":"https:\/\/www.tucomarca.com\/wordpress\/segunda\/wp-json\/wp\/v2\/media?parent=84902"}],"wp:term":[{"taxonomy":"category","embeddable":true,"href":"https:\/\/www.tucomarca.com\/wordpress\/segunda\/wp-json\/wp\/v2\/categories?post=84902"},{"taxonomy":"post_tag","embeddable":true,"href":"https:\/\/www.tucomarca.com\/wordpress\/segunda\/wp-json\/wp\/v2\/tags?post=84902"}],"curies":[{"name":"wp","href":"https:\/\/api.w.org\/{rel}","templated":true}]}}