{"id":84937,"date":"2019-04-25T11:18:36","date_gmt":"2019-04-25T09:18:36","guid":{"rendered":"http:\/\/www.tucomarca.com\/wordpress\/segunda\/?p=84937"},"modified":"2019-04-25T11:18:36","modified_gmt":"2019-04-25T09:18:36","slug":"hurtado-visita-alzira-y-explica-la-importancia-de-votar-a-som-valencians-en-moviment-al-congreso","status":"publish","type":"post","link":"https:\/\/www.tucomarca.com\/wordpress\/segunda\/hurtado-visita-alzira-y-explica-la-importancia-de-votar-a-som-valencians-en-moviment-al-congreso\/","title":{"rendered":"Hurtado visita Alzira y explica la importancia de votar a Som Valencians En Moviment al Congreso"},"content":{"rendered":"<figure id=\"attachment_84938\" aria-describedby=\"caption-attachment-84938\" style=\"width: 404px\" class=\"wp-caption alignleft\"><img loading=\"lazy\" decoding=\"async\" class=\" wp-image-84938\" src=\"https:\/\/www.tucomarca.com\/wordpress\/segunda\/wp-content\/uploads\/2019\/04\/HurtadoAlzira.jpeg\" alt=\"El candidato de Som Valencians En Moviment al Congreso de los Diputados, Jaume Hurtado, ha visitado el Mercat municipal d\u2019Alzira.\" width=\"404\" height=\"303\" srcset=\"https:\/\/www.tucomarca.com\/wordpress\/segunda\/wp-content\/uploads\/2019\/04\/HurtadoAlzira.jpeg 640w, https:\/\/www.tucomarca.com\/wordpress\/segunda\/wp-content\/uploads\/2019\/04\/HurtadoAlzira-300x225.jpeg 300w\" sizes=\"auto, (max-width: 404px) 100vw, 404px\" \/><figcaption id=\"caption-attachment-84938\" class=\"wp-caption-text\">El candidato de Som Valencians En Moviment al Congreso de los Diputados, Jaume Hurtado, ha visitado el Mercat municipal d\u2019Alzira.<\/figcaption><\/figure>\n<p><strong>Acompa\u00f1ado por el candidato local de la plataforma, Eliseo Candela, ha recorrido el Mercat municipal, donde ha compartido impresiones con los tenderos, acerca de asuntos de vital importancia para el tejido comercial y el campo valenciano<\/strong><\/p>\n<p><strong>El candidato de Som Valencians En Moviment al Congreso de los Diputados asegura que \u201cfrente a Comprom\u00eds, que tiene las manos y los pies atados por la izquierda y la burgues\u00eda catalana, nosotros hablaremos con todos y negociaremos, con s\u00f3lo una l\u00ednea roja: Valencia y los intereses y beneficios de los valencianos\u201d<\/strong><\/p>\n<p><strong>Hurtado: \u201cNadie ha hablado en los debates del transvase, ni del campo, ni de la naranja, ni del veto ruso. Nadie. Esto remarca una necesidad de todos los valencianos: tener una voz en Madrid que nos represente. Hace falta Som Valencians En Moviment\u201d<\/strong><\/p>\n<p>Esta ma\u00f1ana, el candidato de Som Valencians En Moviment al Congreso de los Diputados, Jaume Hurtado, ha visitado el Mercat municipal d\u2019Alzira, junto al candidato local de la plataforma, Eliseo Candela. La jornada ha estado plagada de momentos emocionantes, en los que Hurtado y Candela han compartido impresiones con los tenderos, acerca de asuntos de vital importancia para el tejido comercial y el campo valenciano, as\u00ed como con las personas que, a esas horas, se encontraban paseando y comprando en el epicentro del comercio local alzireny.<\/p>\n<p>Tambi\u00e9n el debate electoral de anoche en Atresmedia, en el que participaron los principales l\u00edderes de partidos de corte estatal, ha sido uno de los temas recurrentes de conversaci\u00f3n de Hurtado y sus diferentes interlocutores. En este sentido, el presidenciable valencianista ha subrayado en que \u201cnadie habl\u00f3 del transvase Tajo-Segura, ni del campo valenciano, ni de la naranja, ni del veto ruso a los productos hortofrut\u00edcolas. Iglesias y S\u00e1nchez nombraron el problema de la financiaci\u00f3n valenciana de pasada y sin ganas aparentes de profundizar. Nadie expuso nada concreto sobre Valencia, lo que indica una cosa: hace falta un partido en Madrid que defienda nuestros intereses y los de nadie m\u00e1s\u201d.<\/p>\n<p>El candidato de Som Valencians En Moviment a la c\u00e1mara baja espa\u00f1ola ha asegurado que \u201cvamos hacer lo que Comprom\u00eds no ha hecho en cuatro a\u00f1os. Mientras que ellos han estado atados de pies y manos por la izquierda y por la burgues\u00eda catalana que los financia, nosotros tenemos las manos limpias y sin ataduras para poder gobernar con todos. Queremos estar en Madrid para realizar para Valencia el servicio que realizan para Canarias o Euskadi fuerzas como Coalici\u00f3n Canaria o PNV. Un servicio que nos lleve a negociar con todos, con una sola l\u00ednea roja: Valencia y los intereses y beneficios de los valencianos. Nada de partidismos, nada de posicionamientos a izquierdas o a derechas. Vamos a negociar en defensa de los valencianos siempre, siempre, siempre\u201d.<\/p>\n","protected":false},"excerpt":{"rendered":"<div class=\"mh-excerpt\">Acompa\u00f1ado por el candidato local de la plataforma, Eliseo Candela, ha recorrido el Mercat municipal, donde ha compartido impresiones con los tenderos, acerca de asuntos de vital importancia para el tejido comercial y el campo <a class=\"mh-excerpt-more\" href=\"https:\/\/www.tucomarca.com\/wordpress\/segunda\/hurtado-visita-alzira-y-explica-la-importancia-de-votar-a-som-valencians-en-moviment-al-congreso\/\" title=\"Hurtado visita Alzira y explica la importancia de votar a Som Valencians En Moviment al Congreso\">[+] <\/a><\/div>\n","protected":false},"author":2,"featured_media":84938,"comment_status":"open","ping_status":"open","sticky":false,"template":"","format":"standard","meta":{"footnotes":""},"categories":[69,42,142,3],"tags":[10402,11585],"class_list":{"0":"post-84937","1":"post","2":"type-post","3":"status-publish","4":"format-standard","5":"has-post-thumbnail","7":"category-alzira","8":"category-la-ribera","9":"category-politica-la-comarca","10":"category-seccion","11":"tag-alzira","12":"tag-som-valencians"},"_links":{"self":[{"href":"https:\/\/www.tucomarca.com\/wordpress\/segunda\/wp-json\/wp\/v2\/posts\/84937","targetHints":{"allow":["GET"]}}],"collection":[{"href":"https:\/\/www.tucomarca.com\/wordpress\/segunda\/wp-json\/wp\/v2\/posts"}],"about":[{"href":"https:\/\/www.tucomarca.com\/wordpress\/segunda\/wp-json\/wp\/v2\/types\/post"}],"author":[{"embeddable":true,"href":"https:\/\/www.tucomarca.com\/wordpress\/segunda\/wp-json\/wp\/v2\/users\/2"}],"replies":[{"embeddable":true,"href":"https:\/\/www.tucomarca.com\/wordpress\/segunda\/wp-json\/wp\/v2\/comments?post=84937"}],"version-history":[{"count":0,"href":"https:\/\/www.tucomarca.com\/wordpress\/segunda\/wp-json\/wp\/v2\/posts\/84937\/revisions"}],"wp:featuredmedia":[{"embeddable":true,"href":"https:\/\/www.tucomarca.com\/wordpress\/segunda\/wp-json\/wp\/v2\/media\/84938"}],"wp:attachment":[{"href":"https:\/\/www.tucomarca.com\/wordpress\/segunda\/wp-json\/wp\/v2\/media?parent=84937"}],"wp:term":[{"taxonomy":"category","embeddable":true,"href":"https:\/\/www.tucomarca.com\/wordpress\/segunda\/wp-json\/wp\/v2\/categories?post=84937"},{"taxonomy":"post_tag","embeddable":true,"href":"https:\/\/www.tucomarca.com\/wordpress\/segunda\/wp-json\/wp\/v2\/tags?post=84937"}],"curies":[{"name":"wp","href":"https:\/\/api.w.org\/{rel}","templated":true}]}}