{"id":8567,"date":"2012-11-05T12:15:58","date_gmt":"2012-11-05T11:15:58","guid":{"rendered":"http:\/\/www.tucomarca.com\/wordpress\/segunda\/?p=8567"},"modified":"2012-11-05T13:00:41","modified_gmt":"2012-11-05T12:00:41","slug":"el-secretario-general-del-pspv-psoe-ximo-puig-participa-en-una-cena-mitin-en-godelleta","status":"publish","type":"post","link":"https:\/\/www.tucomarca.com\/wordpress\/segunda\/el-secretario-general-del-pspv-psoe-ximo-puig-participa-en-una-cena-mitin-en-godelleta\/","title":{"rendered":"El Secretario General del PSPV-PSOE, Ximo Puig, participa en una cena mitin en Godelleta"},"content":{"rendered":"<p>El PSPV-PSOE ha celebrado este pasado viernes unacena mitin en Godelleta, en los que particip\u00f3 el Secretario General del PSPV-PSOE, Ximo Puig, junto al Secretario Comarcal de La Hoya de Bu\u00f1ol-Chiva, Gonzalo Guill\u00e9n, adem\u00e1s de Joan Calabuig, el portavoz del Grupo Socialista en el Ayuntamiento de Valencia y el Secretario General Provincial de Valencia, Jose Luis Abalos, tal como han informado fuentes de la agrupaci\u00f3n comarcal socialista.<\/p>\n","protected":false},"excerpt":{"rendered":"<div class=\"mh-excerpt\">El PSPV-PSOE ha celebrado este pasado viernes unacena mitin en Godelleta, en los que particip\u00f3 el Secretario General del PSPV-PSOE, Ximo Puig, junto al Secretario Comarcal de La Hoya de Bu\u00f1ol-Chiva, Gonzalo Guill\u00e9n, adem\u00e1s de <a class=\"mh-excerpt-more\" href=\"https:\/\/www.tucomarca.com\/wordpress\/segunda\/el-secretario-general-del-pspv-psoe-ximo-puig-participa-en-una-cena-mitin-en-godelleta\/\" title=\"El Secretario General del PSPV-PSOE, Ximo Puig, participa en una cena mitin en Godelleta\">[+] <\/a><\/div>\n","protected":false},"author":1,"featured_media":8569,"comment_status":"open","ping_status":"open","sticky":false,"template":"","format":"standard","meta":{"footnotes":""},"categories":[14,8,10,142,3,45],"tags":[],"class_list":{"0":"post-8567","1":"post","2":"type-post","3":"status-publish","4":"format-standard","5":"has-post-thumbnail","7":"category-godelleta","8":"category-la-comarca","9":"category-la-hoya","10":"category-politica-la-comarca","11":"category-seccion","12":"category-ventana"},"_links":{"self":[{"href":"https:\/\/www.tucomarca.com\/wordpress\/segunda\/wp-json\/wp\/v2\/posts\/8567","targetHints":{"allow":["GET"]}}],"collection":[{"href":"https:\/\/www.tucomarca.com\/wordpress\/segunda\/wp-json\/wp\/v2\/posts"}],"about":[{"href":"https:\/\/www.tucomarca.com\/wordpress\/segunda\/wp-json\/wp\/v2\/types\/post"}],"author":[{"embeddable":true,"href":"https:\/\/www.tucomarca.com\/wordpress\/segunda\/wp-json\/wp\/v2\/users\/1"}],"replies":[{"embeddable":true,"href":"https:\/\/www.tucomarca.com\/wordpress\/segunda\/wp-json\/wp\/v2\/comments?post=8567"}],"version-history":[{"count":0,"href":"https:\/\/www.tucomarca.com\/wordpress\/segunda\/wp-json\/wp\/v2\/posts\/8567\/revisions"}],"wp:featuredmedia":[{"embeddable":true,"href":"https:\/\/www.tucomarca.com\/wordpress\/segunda\/wp-json\/wp\/v2\/media\/8569"}],"wp:attachment":[{"href":"https:\/\/www.tucomarca.com\/wordpress\/segunda\/wp-json\/wp\/v2\/media?parent=8567"}],"wp:term":[{"taxonomy":"category","embeddable":true,"href":"https:\/\/www.tucomarca.com\/wordpress\/segunda\/wp-json\/wp\/v2\/categories?post=8567"},{"taxonomy":"post_tag","embeddable":true,"href":"https:\/\/www.tucomarca.com\/wordpress\/segunda\/wp-json\/wp\/v2\/tags?post=8567"}],"curies":[{"name":"wp","href":"https:\/\/api.w.org\/{rel}","templated":true}]}}