{"id":85705,"date":"2019-05-08T23:13:37","date_gmt":"2019-05-08T21:13:37","guid":{"rendered":"http:\/\/www.tucomarca.com\/wordpress\/segunda\/?p=85705"},"modified":"2019-05-08T23:13:59","modified_gmt":"2019-05-08T21:13:59","slug":"el-ampa-del-ies-la-hoya-de-bunol-por-primera-vez-en-la-feria-del-comercio-de-la-localidad","status":"publish","type":"post","link":"https:\/\/www.tucomarca.com\/wordpress\/segunda\/el-ampa-del-ies-la-hoya-de-bunol-por-primera-vez-en-la-feria-del-comercio-de-la-localidad\/","title":{"rendered":"El AMPA del IES La Hoya de Bu\u00f1ol, por primera vez en la Feria del Comercio de la localidad"},"content":{"rendered":"<div class=\"page\" title=\"Page 1\">\n<div class=\"section\">\n<div class=\"layoutArea\">\n<div class=\"column\">\n<figure id=\"attachment_85708\" aria-describedby=\"caption-attachment-85708\" style=\"width: 421px\" class=\"wp-caption alignleft\"><img loading=\"lazy\" decoding=\"async\" class=\" wp-image-85708\" src=\"https:\/\/www.tucomarca.com\/wordpress\/segunda\/wp-content\/uploads\/2019\/05\/IES-Feria.jpeg\" alt=\"El AMPA del IES La Hoya de Bu\u00f1ol estar\u00e1 muy presente durante todo el fin de semana en la XIV Feria del Comercio y Turismo de Bu\u00f1ol.\" width=\"421\" height=\"316\" srcset=\"https:\/\/www.tucomarca.com\/wordpress\/segunda\/wp-content\/uploads\/2019\/05\/IES-Feria.jpeg 640w, https:\/\/www.tucomarca.com\/wordpress\/segunda\/wp-content\/uploads\/2019\/05\/IES-Feria-300x225.jpeg 300w\" sizes=\"auto, (max-width: 421px) 100vw, 421px\" \/><figcaption id=\"caption-attachment-85708\" class=\"wp-caption-text\">El AMPA del IES La Hoya de Bu\u00f1ol estar\u00e1 presente durante todo el fin de semana en la XIV Feria del Comercio y Turismo de Bu\u00f1ol.<\/figcaption><\/figure>\n<p>El AMPA del IES La Hoya de Bu\u00f1ol estar\u00e1 muy presente durante todo el fin de semana en la XIV Feria del Comercio y Turismo de Bu\u00f1ol. Por primera vez, dispondr\u00e1 de un stand propio en el evento. En \u00e9l, no s\u00f3lo presentar\u00e1 el nuevo proyecto de la asociaci\u00f3n y dar\u00e1 a conocer la oferta educativa del IES. Adem\u00e1s, con car\u00e1cter solidario, ofrecer\u00e1 una gran variedad de productos elaborados por alumnado del centro.<\/p>\n<p>El p\u00fablico asistente podr\u00e1 degustar productos de la FP de Industrias Alimentarias. Podr\u00e1 tambi\u00e9n llevarse la mejor miel natural y productos cosm\u00e9ticos del proyecto Apieduca, de la FP de Agraria. Asimismo, podr\u00e1 acceder a las originales creaciones del Bachillerato de Artes. Y, todo lo recaudado, ser\u00e1 destinado a un fin educativo de gran valor: el Proyecto Biblioteca que financia la asociaci\u00f3n.<\/p>\n<p>Cabe destacar que el AMPA del IES La Hoya de Bu\u00f1ol permite que \u00e9ste sea uno de los pocos centros educativos de la Comunitat Valenciana que dispone de una biblioteca abierta todo el horario escolar, con personal especializado. Los diversos ayuntamientos de la comarca apoyan, cada vez m\u00e1s, el proyecto y, en esta ocasi\u00f3n, la Feria permite darlo a conocer y da la oportunidad a los visitantes de colaborar con el mismo.<\/p>\n<p>Pero, por si fuera poco, el stand ofrecer\u00e1 m\u00faltiples actividades todo el fin de semana. En especial, se realizar\u00e1n diversos talleres para ni\u00f1as y ni\u00f1os:<\/p>\n<p>&#8211; \u00a0ARTE CREATIVO, el s\u00e1bado de 12 a 2.<\/p>\n<p>&#8211; \u00a0APICULTURA Y EXTRACCI\u00d3N DE ACEITES ESENCIALES, s\u00e1bado de 7 a 9 y domingo de 12 a\u00a02.<br \/>\nAmbos talleres tendr\u00e1n aforo limitado, por lo que ser\u00e1 necesario realizar inscripci\u00f3n en el propio stand.<\/p>\n<\/div>\n<\/div>\n<\/div>\n<\/div>\n","protected":false},"excerpt":{"rendered":"<div class=\"mh-excerpt\">El AMPA del IES La Hoya de Bu\u00f1ol estar\u00e1 muy presente durante todo el fin de semana en la XIV Feria del Comercio y Turismo de Bu\u00f1ol. Por primera vez, dispondr\u00e1 de un stand propio <a class=\"mh-excerpt-more\" href=\"https:\/\/www.tucomarca.com\/wordpress\/segunda\/el-ampa-del-ies-la-hoya-de-bunol-por-primera-vez-en-la-feria-del-comercio-de-la-localidad\/\" title=\"El AMPA del IES La Hoya de Bu\u00f1ol, por primera vez en la Feria del Comercio de la localidad\">[+] <\/a><\/div>\n","protected":false},"author":2,"featured_media":85708,"comment_status":"open","ping_status":"open","sticky":false,"template":"","format":"standard","meta":{"footnotes":""},"categories":[4,8,10,3],"tags":[10746,11598],"class_list":{"0":"post-85705","1":"post","2":"type-post","3":"status-publish","4":"format-standard","5":"has-post-thumbnail","7":"category-agenda","8":"category-la-comarca","9":"category-la-hoya","10":"category-seccion","11":"tag-ies-la-hoya-de-bunol","12":"tag-xiv-feria-de-comercio-y-turismo-de-bunol"},"_links":{"self":[{"href":"https:\/\/www.tucomarca.com\/wordpress\/segunda\/wp-json\/wp\/v2\/posts\/85705","targetHints":{"allow":["GET"]}}],"collection":[{"href":"https:\/\/www.tucomarca.com\/wordpress\/segunda\/wp-json\/wp\/v2\/posts"}],"about":[{"href":"https:\/\/www.tucomarca.com\/wordpress\/segunda\/wp-json\/wp\/v2\/types\/post"}],"author":[{"embeddable":true,"href":"https:\/\/www.tucomarca.com\/wordpress\/segunda\/wp-json\/wp\/v2\/users\/2"}],"replies":[{"embeddable":true,"href":"https:\/\/www.tucomarca.com\/wordpress\/segunda\/wp-json\/wp\/v2\/comments?post=85705"}],"version-history":[{"count":0,"href":"https:\/\/www.tucomarca.com\/wordpress\/segunda\/wp-json\/wp\/v2\/posts\/85705\/revisions"}],"wp:featuredmedia":[{"embeddable":true,"href":"https:\/\/www.tucomarca.com\/wordpress\/segunda\/wp-json\/wp\/v2\/media\/85708"}],"wp:attachment":[{"href":"https:\/\/www.tucomarca.com\/wordpress\/segunda\/wp-json\/wp\/v2\/media?parent=85705"}],"wp:term":[{"taxonomy":"category","embeddable":true,"href":"https:\/\/www.tucomarca.com\/wordpress\/segunda\/wp-json\/wp\/v2\/categories?post=85705"},{"taxonomy":"post_tag","embeddable":true,"href":"https:\/\/www.tucomarca.com\/wordpress\/segunda\/wp-json\/wp\/v2\/tags?post=85705"}],"curies":[{"name":"wp","href":"https:\/\/api.w.org\/{rel}","templated":true}]}}