{"id":8576,"date":"2012-11-05T12:24:46","date_gmt":"2012-11-05T11:24:46","guid":{"rendered":"http:\/\/www.tucomarca.com\/wordpress\/segunda\/?p=8576"},"modified":"2012-11-05T12:24:46","modified_gmt":"2012-11-05T11:24:46","slug":"un-total-de-1-700-personas-participan-en-la-organizacion-del-gran-premio-generali-de-la-comunitat-valenciana","status":"publish","type":"post","link":"https:\/\/www.tucomarca.com\/wordpress\/segunda\/un-total-de-1-700-personas-participan-en-la-organizacion-del-gran-premio-generali-de-la-comunitat-valenciana\/","title":{"rendered":"Un total de 1.700 personas participan en la organizaci\u00f3n del Gran Premio Generali de la Comunitat Valenciana"},"content":{"rendered":"<p>El Circuit de la Comunitat Valenciana Ricardo Tormo prepara un  dispositivo formado por 1.700 personas para la organizaci\u00f3n del Gran  Premio Generali de la Comunitat Valenciana de motociclismo, que se  disputa del 9 al 11 de noviembre.<\/p>\n<p>Para garantizar la seguridad de los pilotos en pista, el  Circuit distribuir\u00e1 253 comisarios entre los 40 puestos que regulan los  4.005 metros del trazado, adem\u00e1s de 13 encargados de las tareas de  extracci\u00f3n, mientras que otros 40 oficiales se encargar\u00e1n del tr\u00e1fico en  el pit lane y 17 t\u00e9cnicos controlar\u00e1n el parque cerrado de veh\u00edculos  para realizar las verificaciones t\u00e9cnicas.<\/p>\n<p>El equipo m\u00e9dico de pista estar\u00e1 compuesto por dos ambulancias  UCI, siete convencionales y un helic\u00f3ptero medicalizado, gestionados por  75 sanitarios, adem\u00e1s de 40 bomberos.<\/p>\n<p>Con motivo de la disputa de la prueba, la Guardia Civil  movilizar\u00e1 400 agentes que regular\u00e1n el tr\u00e1fico en los accesos al  recinto, y se encargar\u00e1n de la seguridad en el \u00e1rea de p\u00fablico y en las  inmediaciones del circuito.<\/p>\n<p>Adem\u00e1s, un grupo de 90 aparcacoches colaborar\u00e1 en la gesti\u00f3n  del tr\u00e1fico para asegurar la fluidez en la circulaci\u00f3n durante los  accesos, adem\u00e1s de realizar las indicaciones oportunas para un \u00f3ptimo  aprovechamiento de las plazas de aparcamiento del Circuit.<\/p>\n<p>En el interior, el equipo de seguridad del Circuit de la  Comunitat Valenciana Ricardo Tormo estar\u00e1 compuesto por 87 vigilantes de  seguridad, arropados por 325 colaboradores que se ocupar\u00e1n del servicio  de admisi\u00f3n en las gradas y de ordenar el flujo de los aficionados  hacia sus respectivas localidades.<\/p>\n<p>En la zona de p\u00fablico, el dispositivo m\u00e9dico de seguridad  estar\u00e1 compuesto por seis ambulancias, cinco postas sanitarias y un  centro m\u00e9dico, atendidos por tres m\u00e9dicos y 11 auxiliares, as\u00ed como un  hospital de campa\u00f1a. Un grupo de 73 voluntarios de Protecci\u00f3n Civil  colaborar\u00e1n en las tareas de seguridad.<\/p>\n<p>Junto a todo este colectivo, un equipo formado por 13 t\u00e9cnicos  deportivos adscritos a Oficina de Carrera, informar\u00e1 a los equipos de  cualquier incidencia y decisi\u00f3n tomada por Direcci\u00f3n de Carrera.<\/p>\n<p>Adem\u00e1s, un grupo de 36 personas atender\u00e1 las taquillas para la  venta de entradas a los aficionados, las tres CircuiTiendas, los puntos  de informaci\u00f3n y los Centros de Atenci\u00f3n al Cliente. Asimismo, la zona  VIP estar\u00e1 atendida por 13 personas, mientras 80 profesionales se  ocupar\u00e1n del catering.<\/p>\n<p>Para garantizar el mantenimiento y limpieza de las  instalaciones durante el Gran Premio, un equipo de 135 personas  compuesto por electricistas, personal de limpieza, t\u00e9cnicos de sonido,  fontaneros y oficiales.<\/p>\n<p>En el Media Centre el Circuit contar\u00e1 con un equipo formado por  18 personas para gestionar acreditaciones, cubrir el servicio de  transporte a los fot\u00f3grafos y atender las necesidades de los 350  periodistas acreditados. La n\u00f3mina de empleados del Circuit para el Gran  Premio se completa con 20 azafatas.<\/p>\n","protected":false},"excerpt":{"rendered":"<div class=\"mh-excerpt\">El Circuit de la Comunitat Valenciana Ricardo Tormo prepara un dispositivo formado por 1.700 personas para la organizaci\u00f3n del Gran Premio Generali de la Comunitat Valenciana de motociclismo, que se disputa del 9 al 11 <a class=\"mh-excerpt-more\" href=\"https:\/\/www.tucomarca.com\/wordpress\/segunda\/un-total-de-1-700-personas-participan-en-la-organizacion-del-gran-premio-generali-de-la-comunitat-valenciana\/\" title=\"Un total de 1.700 personas participan en la organizaci\u00f3n del Gran Premio Generali de la Comunitat Valenciana\">[+] <\/a><\/div>\n","protected":false},"author":1,"featured_media":5440,"comment_status":"open","ping_status":"open","sticky":false,"template":"","format":"standard","meta":{"footnotes":""},"categories":[17,6,10,91,3,45],"tags":[],"class_list":{"0":"post-8576","1":"post","2":"type-post","3":"status-publish","4":"format-standard","5":"has-post-thumbnail","7":"category-cheste","8":"category-deportes","9":"category-la-hoya","10":"category-motociclismo","11":"category-seccion","12":"category-ventana"},"_links":{"self":[{"href":"https:\/\/www.tucomarca.com\/wordpress\/segunda\/wp-json\/wp\/v2\/posts\/8576","targetHints":{"allow":["GET"]}}],"collection":[{"href":"https:\/\/www.tucomarca.com\/wordpress\/segunda\/wp-json\/wp\/v2\/posts"}],"about":[{"href":"https:\/\/www.tucomarca.com\/wordpress\/segunda\/wp-json\/wp\/v2\/types\/post"}],"author":[{"embeddable":true,"href":"https:\/\/www.tucomarca.com\/wordpress\/segunda\/wp-json\/wp\/v2\/users\/1"}],"replies":[{"embeddable":true,"href":"https:\/\/www.tucomarca.com\/wordpress\/segunda\/wp-json\/wp\/v2\/comments?post=8576"}],"version-history":[{"count":0,"href":"https:\/\/www.tucomarca.com\/wordpress\/segunda\/wp-json\/wp\/v2\/posts\/8576\/revisions"}],"wp:featuredmedia":[{"embeddable":true,"href":"https:\/\/www.tucomarca.com\/wordpress\/segunda\/wp-json\/wp\/v2\/media\/5440"}],"wp:attachment":[{"href":"https:\/\/www.tucomarca.com\/wordpress\/segunda\/wp-json\/wp\/v2\/media?parent=8576"}],"wp:term":[{"taxonomy":"category","embeddable":true,"href":"https:\/\/www.tucomarca.com\/wordpress\/segunda\/wp-json\/wp\/v2\/categories?post=8576"},{"taxonomy":"post_tag","embeddable":true,"href":"https:\/\/www.tucomarca.com\/wordpress\/segunda\/wp-json\/wp\/v2\/tags?post=8576"}],"curies":[{"name":"wp","href":"https:\/\/api.w.org\/{rel}","templated":true}]}}