{"id":8578,"date":"2012-11-05T12:05:55","date_gmt":"2012-11-05T11:05:55","guid":{"rendered":"http:\/\/www.tucomarca.com\/wordpress\/segunda\/?p=8578"},"modified":"2012-11-05T13:01:38","modified_gmt":"2012-11-05T12:01:38","slug":"izquierda-alternativa-califica-de-%c2%abburla-intolerable%c2%bb-el-voto-en-contra-del-pp-a-la-subida-de-las-tasas-en-bunol","status":"publish","type":"post","link":"https:\/\/www.tucomarca.com\/wordpress\/segunda\/izquierda-alternativa-califica-de-%c2%abburla-intolerable%c2%bb-el-voto-en-contra-del-pp-a-la-subida-de-las-tasas-en-bunol\/","title":{"rendered":"Izquierda Alternativa califica de \u00abburla intolerable\u00bb el voto en contra del PP a la subida de las tasas en Bu\u00f1ol"},"content":{"rendered":"<p>Izquierda Alternativa (IA) de Bu\u00f1ol, a trav\u00e9s de un comunicado oficial, ha manifestado que \u00abun partido \u2013el PP\u2014,\u00a0 que establece el \u201crepago judicial\u201d para toda la ciudadan\u00eda del pa\u00eds incrementando entre un 50 y un 100% las tasas judiciales en los casos civiles y contenciosos administrativos e incorporando tasas nuevas de 500 y 750 euros en procedimientos de lo social, un partido que en el pa\u00eds Valenciano sube un 33% las tasas universitarias con lo que hoy cuesta matricularse en cualquiera de ellas una media de 4oo euros m\u00e1s, que rebaja un 30% las ayudas a grandes dependientes, que excluye 417 medicamentos de la cobertura de la Seguridad Social para que corran a cargo de los ciudadanos entre un largo etc\u00e9tera de recortes y aumentos de precios p\u00fablicos desorbitados, diga en Bu\u00f1ol que la propuesta de tasas del gobierno municipal para el pr\u00f3ximo a\u00f1o es la mayor subida de la presi\u00f3n fiscal de la historia, es una burla intolerable al pueblo de Bu\u00f1ol\u00bb.<\/p>\n<p>\u00abCon su decisi\u00f3n de votar en contra de la propuesta de tasas del gobierno municipal para el 2013 en el \u00faltimo Pleno, el PP protagoniza un episodio m\u00e1s en su estrategia de boicot al normal funcionamiento de nuestra administraci\u00f3n y de nuestros servicios p\u00fablicos, convirti\u00e9ndose en el principal culpable de la mala situaci\u00f3n econ\u00f3mica de nuestro ayuntamiento.\u00a0 Esta estrategia aparece con toda nitidez al votar en contra de todas las tasas incluidas las que no afectan a los vecinos y vecinas de Bu\u00f1ol\u00a0 con la malsana intenci\u00f3n de evitar aumento de ingresos, disminuci\u00f3n de d\u00e9ficit y por lo tanto empeorar conscientemente la econom\u00eda de nuestro pueblo\u00bb, a\u00f1aden desde IA.<\/p>\n<p>\u00abCon su voto negativo, el PP y los \u2014en nuestra opini\u00f3n\u2014 sobradamente adscritos, impiden que los participantes for\u00e1neos de la Tomatina colaboren con los gastos de ocasiona la fiesta (tomate, seguridad, limpieza) y que rondan los 100.000 euros, impiden que quienes utilicen locales y\/o espacios p\u00fablicos en actividades con \u00e1nimo de lucro paguen una parte de sus beneficios a trav\u00e9s de una tasa, impiden que a las familias con ingresos inferiores a 800 euros al mes se les reduzca el precio del autob\u00fas y tambi\u00e9n impiden que los usuarios del Conservatorio del resto de pueblos de la Comarca, contribuyan m\u00e1s al sostenimiento del servicio. El PP de Bu\u00f1ol est\u00e1 m\u00e1s interesado en los intereses de los de fuera que en los\u00a0 de sus conciudadanos, por cierto, lo que s\u00ed que no hace el portavoz del PP, es utilizar su cargo en el PP provincial para convencer a los alcaldes de la Comarca de que deben de contribuir al mantenimiento econ\u00f3mico del Conservatorio\u00bb, aseguran desde Izquierda Alternativa.<\/p>\n<p>\u00abLas tasas propuestas, adem\u00e1s de muy modestas, son sobre todo justas, algo que al PP de Bu\u00f1ol y a sus adscritos, no parece importarles lo m\u00e1s m\u00ednimo\u00bb, finalizan en su comunicado.<\/p>\n","protected":false},"excerpt":{"rendered":"<div class=\"mh-excerpt\">Izquierda Alternativa (IA) de Bu\u00f1ol, a trav\u00e9s de un comunicado oficial, ha manifestado que \u00abun partido \u2013el PP\u2014,\u00a0 que establece el \u201crepago judicial\u201d para toda la ciudadan\u00eda del pa\u00eds incrementando entre un 50 y un <a class=\"mh-excerpt-more\" href=\"https:\/\/www.tucomarca.com\/wordpress\/segunda\/izquierda-alternativa-califica-de-%c2%abburla-intolerable%c2%bb-el-voto-en-contra-del-pp-a-la-subida-de-las-tasas-en-bunol\/\" title=\"Izquierda Alternativa califica de \u00abburla intolerable\u00bb el voto en contra del PP a la subida de las tasas en Bu\u00f1ol\">[+] <\/a><\/div>\n","protected":false},"author":1,"featured_media":0,"comment_status":"open","ping_status":"open","sticky":false,"template":"","format":"standard","meta":{"footnotes":""},"categories":[18,8,10,142,3],"tags":[],"class_list":{"0":"post-8578","1":"post","2":"type-post","3":"status-publish","4":"format-standard","6":"category-bunol","7":"category-la-comarca","8":"category-la-hoya","9":"category-politica-la-comarca","10":"category-seccion"},"_links":{"self":[{"href":"https:\/\/www.tucomarca.com\/wordpress\/segunda\/wp-json\/wp\/v2\/posts\/8578","targetHints":{"allow":["GET"]}}],"collection":[{"href":"https:\/\/www.tucomarca.com\/wordpress\/segunda\/wp-json\/wp\/v2\/posts"}],"about":[{"href":"https:\/\/www.tucomarca.com\/wordpress\/segunda\/wp-json\/wp\/v2\/types\/post"}],"author":[{"embeddable":true,"href":"https:\/\/www.tucomarca.com\/wordpress\/segunda\/wp-json\/wp\/v2\/users\/1"}],"replies":[{"embeddable":true,"href":"https:\/\/www.tucomarca.com\/wordpress\/segunda\/wp-json\/wp\/v2\/comments?post=8578"}],"version-history":[{"count":0,"href":"https:\/\/www.tucomarca.com\/wordpress\/segunda\/wp-json\/wp\/v2\/posts\/8578\/revisions"}],"wp:attachment":[{"href":"https:\/\/www.tucomarca.com\/wordpress\/segunda\/wp-json\/wp\/v2\/media?parent=8578"}],"wp:term":[{"taxonomy":"category","embeddable":true,"href":"https:\/\/www.tucomarca.com\/wordpress\/segunda\/wp-json\/wp\/v2\/categories?post=8578"},{"taxonomy":"post_tag","embeddable":true,"href":"https:\/\/www.tucomarca.com\/wordpress\/segunda\/wp-json\/wp\/v2\/tags?post=8578"}],"curies":[{"name":"wp","href":"https:\/\/api.w.org\/{rel}","templated":true}]}}