{"id":858,"date":"2012-05-07T12:23:10","date_gmt":"2012-05-07T12:23:10","guid":{"rendered":"http:\/\/www.tucomarca.com\/wordpress\/segunda\/?p=858"},"modified":"2012-05-07T12:23:10","modified_gmt":"2012-05-07T12:23:10","slug":"el-alcalde-de-cheste-negocia-con-autobuses-bunol-la-creacion-de-una-linea-directa-con-el-hospital-de-manises","status":"publish","type":"post","link":"https:\/\/www.tucomarca.com\/wordpress\/segunda\/el-alcalde-de-cheste-negocia-con-autobuses-bunol-la-creacion-de-una-linea-directa-con-el-hospital-de-manises\/","title":{"rendered":"El alcalde de Cheste negocia con Autobuses Bu\u00f1ol la creaci\u00f3n de una l\u00ednea directa con el Hospital de Manises"},"content":{"rendered":"<p>El Alcalde de Cheste, David Dom\u00e9nech, ha mantenido recientemente una  reuni\u00f3n\u00a0 con el Gerente  de Autobuses Bu\u00f1ol con objeto de tratar  la\u00a0mejora en\u00a0el servicio del  transporte por carretera al Hospital de  Manises.\u00a0 Tras la reuni\u00f3n, el primer edil explica que se ha acordado  estudiar y valorar la posiblidad de crear  una l\u00ednea diaria directa  entre los municipios de la comarca y este  Hospital sin necesitad de  hacer transbordo, lo que mejorar\u00eda la calidad asistencial de los vecinos  de La Hoya.<\/p>\n","protected":false},"excerpt":{"rendered":"<div class=\"mh-excerpt\">El Alcalde de Cheste, David Dom\u00e9nech, ha mantenido recientemente una reuni\u00f3n\u00a0 con el Gerente de Autobuses Bu\u00f1ol con objeto de tratar la\u00a0mejora en\u00a0el servicio del transporte por carretera al Hospital de Manises.\u00a0 Tras la reuni\u00f3n, <a class=\"mh-excerpt-more\" href=\"https:\/\/www.tucomarca.com\/wordpress\/segunda\/el-alcalde-de-cheste-negocia-con-autobuses-bunol-la-creacion-de-una-linea-directa-con-el-hospital-de-manises\/\" title=\"El alcalde de Cheste negocia con Autobuses Bu\u00f1ol la creaci\u00f3n de una l\u00ednea directa con el Hospital de Manises\">[+] <\/a><\/div>\n","protected":false},"author":2,"featured_media":859,"comment_status":"open","ping_status":"open","sticky":false,"template":"","format":"standard","meta":{"footnotes":""},"categories":[17,8,10,3],"tags":[],"class_list":{"0":"post-858","1":"post","2":"type-post","3":"status-publish","4":"format-standard","5":"has-post-thumbnail","7":"category-cheste","8":"category-la-comarca","9":"category-la-hoya","10":"category-seccion"},"_links":{"self":[{"href":"https:\/\/www.tucomarca.com\/wordpress\/segunda\/wp-json\/wp\/v2\/posts\/858","targetHints":{"allow":["GET"]}}],"collection":[{"href":"https:\/\/www.tucomarca.com\/wordpress\/segunda\/wp-json\/wp\/v2\/posts"}],"about":[{"href":"https:\/\/www.tucomarca.com\/wordpress\/segunda\/wp-json\/wp\/v2\/types\/post"}],"author":[{"embeddable":true,"href":"https:\/\/www.tucomarca.com\/wordpress\/segunda\/wp-json\/wp\/v2\/users\/2"}],"replies":[{"embeddable":true,"href":"https:\/\/www.tucomarca.com\/wordpress\/segunda\/wp-json\/wp\/v2\/comments?post=858"}],"version-history":[{"count":0,"href":"https:\/\/www.tucomarca.com\/wordpress\/segunda\/wp-json\/wp\/v2\/posts\/858\/revisions"}],"wp:featuredmedia":[{"embeddable":true,"href":"https:\/\/www.tucomarca.com\/wordpress\/segunda\/wp-json\/wp\/v2\/media\/859"}],"wp:attachment":[{"href":"https:\/\/www.tucomarca.com\/wordpress\/segunda\/wp-json\/wp\/v2\/media?parent=858"}],"wp:term":[{"taxonomy":"category","embeddable":true,"href":"https:\/\/www.tucomarca.com\/wordpress\/segunda\/wp-json\/wp\/v2\/categories?post=858"},{"taxonomy":"post_tag","embeddable":true,"href":"https:\/\/www.tucomarca.com\/wordpress\/segunda\/wp-json\/wp\/v2\/tags?post=858"}],"curies":[{"name":"wp","href":"https:\/\/api.w.org\/{rel}","templated":true}]}}