{"id":8583,"date":"2012-11-05T12:24:14","date_gmt":"2012-11-05T11:24:14","guid":{"rendered":"http:\/\/www.tucomarca.com\/wordpress\/segunda\/?p=8583"},"modified":"2012-11-05T12:24:14","modified_gmt":"2012-11-05T11:24:14","slug":"el-consell-pone-en-marcha-un-proyecto-para-mejorar-las-masas-forestales-en-las-hoces-del-cabriel","status":"publish","type":"post","link":"https:\/\/www.tucomarca.com\/wordpress\/segunda\/el-consell-pone-en-marcha-un-proyecto-para-mejorar-las-masas-forestales-en-las-hoces-del-cabriel\/","title":{"rendered":"El Consell pone en marcha un proyecto para mejorar las masas forestales en las Hoces del Cabriel"},"content":{"rendered":"<p>La conselleria de Infraestructuras, Territorio y Medio Ambiente ha  puesto en marcha un nuevo proyecto denominado \u00abmantenimiento de la  diversidad biol\u00f3gica en el Parque Natural de las Hoces del Cabriel\u00bb,  para mejorar las masas forestales de este espacio protegido.<\/p>\n<p>Esta actuaci\u00f3n, que lleva aparejada una inversi\u00f3n de 30.000  euros es fruto del convenio de colaboraci\u00f3n entre la Generalitat  Valenciana y la Fundaci\u00f3n la Caixa para la mejora de los espacios  naturales protegidos y la reinserci\u00f3n laboral de colectivos en riesgo de  exclusi\u00f3n social.<\/p>\n<p>\u00abPor lo que en esta ocasi\u00f3n \u2014ha asegurado el director general  del Medio Natural, Alfredo Gonz\u00e1lez\u2014 se van a contratar cinco personas  para desarrollar estos trabajos\u00bb.<\/p>\n<p>Concretamente, se va a transformar una regeneraci\u00f3n natural  post-incendio de pino carrasco sufrido en el 1994, en un monte adulto, a  trav\u00e9s de la reducci\u00f3n de densidad de pies por hect\u00e1reas mediante  clareos.<\/p>\n<p>\u00abAl eliminar densidad de masa forestal conseguimos un cambio de  estructura de la masa, lo que permite el paso de la luz y aumentar el  espacio alrededor de los \u00e1rboles lo que se traduce en mayor crecimiento  de sus copas hasta ir cubriendo progresivamente el espacio disponible al  reducir la competencia entre los pinos carrascos\u00bb, ha explicado el  director general.<\/p>\n<p><strong>Continuidad de un proyecto con la Universidad Polit\u00e9cnica <\/strong><\/p>\n<p>Este proyecto, es continuidad de otro proyecto iniciado en el  mismo paraje en 2011 en colaboraci\u00f3n entre la Universidad Polit\u00e9cnica de  Valencia (Escuela T\u00e9cnica Superior de Ingenieros Agr\u00f3nomos)  y el  Parque Natural de la Hoces del Cabriel<\/p>\n<p>En aquella se redact\u00f3 y ejecut\u00f3 un proyecto final de carrera de  ingenier\u00eda de montes  titulado \u00abParcelas Permanentes de experimentaci\u00f3n  en el Monte de Utilidad P\u00fablica \u00abLa Chapudilla\u00bb, para potenciar las  actuaciones silv\u00edcola y planes de gesti\u00f3n en masas de pinos carrascos.<\/p>\n<p>El objetivo del mismo fue tanto mejorar el estado y la  estabilidad global de estas masas, como potenciar el desarrollo  productivo, para ello se trabaja en establecer normas y prescripciones  silvicolas para esta especie en la Comunitat Valenciana, mediante el  estableciendo y seguimiento posterior de parcelas experimentales<\/p>\n","protected":false},"excerpt":{"rendered":"<div class=\"mh-excerpt\">La conselleria de Infraestructuras, Territorio y Medio Ambiente ha puesto en marcha un nuevo proyecto denominado \u00abmantenimiento de la diversidad biol\u00f3gica en el Parque Natural de las Hoces del Cabriel\u00bb, para mejorar las masas forestales <a class=\"mh-excerpt-more\" href=\"https:\/\/www.tucomarca.com\/wordpress\/segunda\/el-consell-pone-en-marcha-un-proyecto-para-mejorar-las-masas-forestales-en-las-hoces-del-cabriel\/\" title=\"El Consell pone en marcha un proyecto para mejorar las masas forestales en las Hoces del Cabriel\">[+] <\/a><\/div>\n","protected":false},"author":1,"featured_media":0,"comment_status":"open","ping_status":"open","sticky":false,"template":"","format":"standard","meta":{"footnotes":""},"categories":[8,117,27,3,234,120],"tags":[],"class_list":{"0":"post-8583","1":"post","2":"type-post","3":"status-publish","4":"format-standard","6":"category-la-comarca","7":"category-medio-ambiente-la-comarca","8":"category-requena-utiel","9":"category-seccion","10":"category-venta-del-moro","11":"category-villargordo-del-cabriel"},"_links":{"self":[{"href":"https:\/\/www.tucomarca.com\/wordpress\/segunda\/wp-json\/wp\/v2\/posts\/8583","targetHints":{"allow":["GET"]}}],"collection":[{"href":"https:\/\/www.tucomarca.com\/wordpress\/segunda\/wp-json\/wp\/v2\/posts"}],"about":[{"href":"https:\/\/www.tucomarca.com\/wordpress\/segunda\/wp-json\/wp\/v2\/types\/post"}],"author":[{"embeddable":true,"href":"https:\/\/www.tucomarca.com\/wordpress\/segunda\/wp-json\/wp\/v2\/users\/1"}],"replies":[{"embeddable":true,"href":"https:\/\/www.tucomarca.com\/wordpress\/segunda\/wp-json\/wp\/v2\/comments?post=8583"}],"version-history":[{"count":0,"href":"https:\/\/www.tucomarca.com\/wordpress\/segunda\/wp-json\/wp\/v2\/posts\/8583\/revisions"}],"wp:attachment":[{"href":"https:\/\/www.tucomarca.com\/wordpress\/segunda\/wp-json\/wp\/v2\/media?parent=8583"}],"wp:term":[{"taxonomy":"category","embeddable":true,"href":"https:\/\/www.tucomarca.com\/wordpress\/segunda\/wp-json\/wp\/v2\/categories?post=8583"},{"taxonomy":"post_tag","embeddable":true,"href":"https:\/\/www.tucomarca.com\/wordpress\/segunda\/wp-json\/wp\/v2\/tags?post=8583"}],"curies":[{"name":"wp","href":"https:\/\/api.w.org\/{rel}","templated":true}]}}