{"id":8585,"date":"2012-11-05T12:25:10","date_gmt":"2012-11-05T11:25:10","guid":{"rendered":"http:\/\/www.tucomarca.com\/wordpress\/segunda\/?p=8585"},"modified":"2012-11-05T12:25:10","modified_gmt":"2012-11-05T11:25:10","slug":"una-banda-de-ladrones-roba-casi-1-500-cajas-para-recoger-citricos-a-cuatro-empresas-una-de-ellas-de-algemesi","status":"publish","type":"post","link":"https:\/\/www.tucomarca.com\/wordpress\/segunda\/una-banda-de-ladrones-roba-casi-1-500-cajas-para-recoger-citricos-a-cuatro-empresas-una-de-ellas-de-algemesi\/","title":{"rendered":"Una banda de ladrones roba casi 1.500 cajas para recoger c\u00edtricos a cuatro empresas, una de ellas de Algemes\u00ed"},"content":{"rendered":"<p>Los cajones de pl\u00e1stico que se utilizan para la recolecci\u00f3n de c\u00edtricos se han convertido en una de las piezas m\u00e1s codiciadas por parte de las bandas de ladrones que asolan la agricultura valenciana. Tanto es as\u00ed, que en un solo d\u00eda \u2013durante el pasado mi\u00e9rcoles, concretamente\u2013 un grupo de delincuentes sustrajo alrededor de 1.500 cajas a cuatro firmas citr\u00edcolas con sede en las poblaciones de Picassent, Alc\u00e0sser, Algemes\u00ed y Xeresa en el curso de una operaci\u00f3n perfectamente coordinada por parte de los delincuentes, quienes aprovecharon, para realizar el robo, los momentos en que las empresas dejan los cajones en los huertos a la espera de las cuadrillas de \u201ccollidors\u201d.<\/p>\n<p>Seg\u00fan los testimonios coincidentes de los responsables de dos de las empresas que han sido v\u00edctimas de este \u00faltimo saqueo \u2013la cooperativa San Isidro de Picassent y la firma Albenfruit de Algemesi\u2013 existe todo un mercado negro en torno al hurto de los envases de pl\u00e1stico empleados para almacenar fruta. Una vez sustra\u00eddas, las cajas son trasladadas a centros clandestinos donde se procede a la fundici\u00f3n de las mismas para transformarlas bien en nuevos cajones en los que ya no figura la marca e identificaci\u00f3n de las empresas propietarias, bien en pl\u00e1stico para la fabricaci\u00f3n de otros objetos. El valor de cada envase en ese mercado negro se sit\u00faa en torno a un euro, cuando el precio de venta de los cajones para la recogida de fruta en el mercado legal oscila en torno a los cinco euros.<\/p>\n<p>Los robos masivos de cajones que se est\u00e1n produciendo en las explotaciones de c\u00edtricos, adem\u00e1s de las p\u00e9rdidas econ\u00f3micas que acarrean a las empresas que los sufren supone un grave trastorno en t\u00e9rminos log\u00edsticos puesto que rompen el ritmo y las previsiones de recolecci\u00f3n hasta que la firma adquiere de nuevo otros envases para poder proseguir la tarea.<\/p>\n<p>El presidente de la Asociaci\u00f3n Valenciana de Agricultores (AVA-ASAJA), Crist\u00f3bal Aguado, asegura que \u201clo sucedido a estas empresas no es, por desgracia, ning\u00fan hecho aislado, sino una pr\u00e1ctica generalizada a cargo de grupos mafiosos y perfectamente organizados que viene a corroborar lo que venimos diciendo desde hace ya tiempo, es decir, que el problema de la delincuencia en el medio rural ha alcanzado cotas absolutamente inaceptables\u201d. Ante esta tesitura, Aguado anuncia que va a dirigir un escrito tanto a la Guardia Civil como a la Delegaci\u00f3n del Gobierno en la Comunitat Valenciana denunciando los hechos y exigiendo \u201cla puesta en marcha de un plan especial destinado a reforzar la vigilancia en un momento que es clave para el desarrollo de la campa\u00f1a citr\u00edcola\u201d.<\/p>\n","protected":false},"excerpt":{"rendered":"<div class=\"mh-excerpt\">Los cajones de pl\u00e1stico que se utilizan para la recolecci\u00f3n de c\u00edtricos se han convertido en una de las piezas m\u00e1s codiciadas por parte de las bandas de ladrones que asolan la agricultura valenciana. Tanto <a class=\"mh-excerpt-more\" href=\"https:\/\/www.tucomarca.com\/wordpress\/segunda\/una-banda-de-ladrones-roba-casi-1-500-cajas-para-recoger-citricos-a-cuatro-empresas-una-de-ellas-de-algemesi\/\" title=\"Una banda de ladrones roba casi 1.500 cajas para recoger c\u00edtricos a cuatro empresas, una de ellas de Algemes\u00ed\">[+] <\/a><\/div>\n","protected":false},"author":1,"featured_media":0,"comment_status":"open","ping_status":"open","sticky":false,"template":"","format":"standard","meta":{"footnotes":""},"categories":[169,99,8,42,3,116],"tags":[],"class_list":{"0":"post-8585","1":"post","2":"type-post","3":"status-publish","4":"format-standard","6":"category-agricultura-la-comarca","7":"category-algemesi","8":"category-la-comarca","9":"category-la-ribera","10":"category-seccion","11":"category-sucesos-la-comarca"},"_links":{"self":[{"href":"https:\/\/www.tucomarca.com\/wordpress\/segunda\/wp-json\/wp\/v2\/posts\/8585","targetHints":{"allow":["GET"]}}],"collection":[{"href":"https:\/\/www.tucomarca.com\/wordpress\/segunda\/wp-json\/wp\/v2\/posts"}],"about":[{"href":"https:\/\/www.tucomarca.com\/wordpress\/segunda\/wp-json\/wp\/v2\/types\/post"}],"author":[{"embeddable":true,"href":"https:\/\/www.tucomarca.com\/wordpress\/segunda\/wp-json\/wp\/v2\/users\/1"}],"replies":[{"embeddable":true,"href":"https:\/\/www.tucomarca.com\/wordpress\/segunda\/wp-json\/wp\/v2\/comments?post=8585"}],"version-history":[{"count":0,"href":"https:\/\/www.tucomarca.com\/wordpress\/segunda\/wp-json\/wp\/v2\/posts\/8585\/revisions"}],"wp:attachment":[{"href":"https:\/\/www.tucomarca.com\/wordpress\/segunda\/wp-json\/wp\/v2\/media?parent=8585"}],"wp:term":[{"taxonomy":"category","embeddable":true,"href":"https:\/\/www.tucomarca.com\/wordpress\/segunda\/wp-json\/wp\/v2\/categories?post=8585"},{"taxonomy":"post_tag","embeddable":true,"href":"https:\/\/www.tucomarca.com\/wordpress\/segunda\/wp-json\/wp\/v2\/tags?post=8585"}],"curies":[{"name":"wp","href":"https:\/\/api.w.org\/{rel}","templated":true}]}}