{"id":8596,"date":"2012-11-05T12:10:55","date_gmt":"2012-11-05T11:10:55","guid":{"rendered":"http:\/\/www.tucomarca.com\/wordpress\/segunda\/?p=8596"},"modified":"2012-11-05T12:36:58","modified_gmt":"2012-11-05T11:36:58","slug":"jorge-march-y-eva-sanchez-se-proclaman-en-riba-roja-campeones-autonomicos-de-duatlon-cross","status":"publish","type":"post","link":"https:\/\/www.tucomarca.com\/wordpress\/segunda\/jorge-march-y-eva-sanchez-se-proclaman-en-riba-roja-campeones-autonomicos-de-duatlon-cross\/","title":{"rendered":"Jorge March y Eva S\u00e1nchez se proclaman en Riba-roja campeones auton\u00f3micos de duatl\u00f3n cross"},"content":{"rendered":"<p>Jorge March y Eva S\u00e1nchez se coronaron campeones de la Comunitat Valenciana de duatl\u00f3n cross en la prueba celebrada este domingo en Riba-roja del T\u00faria. Los ganadores demostraron su superioridad, a pesar de los esfuerzos de sus rivales, y se llevaron el triunfo con merecimiento.<\/p>\n<p>Jorge March, del Trielx Anip Levante, fue el mejor en categor\u00eda masculina gracias a su gran regularidad durante toda la competici\u00f3n que transcurri\u00f3 por el Parque Natural de La Rodana.<\/p>\n<p>El nuevo campe\u00f3n auton\u00f3mico complet\u00f3 el recorrido en 1:08:35 y marc\u00f3 el mejor tiempo en cada uno de los segmentos de los que se compon\u00eda la cita auton\u00f3mica. Jorge Vicente, compa\u00f1ero de March en el Trielx Anip Levante, fue segundo a 2:12, mientras que Rafael Jord\u00e1n, del Club Triatl\u00f3n Utiel, complet\u00f3 el podio a 2:22 del vencedor.<\/p>\n<p>Mientras, en categor\u00eda femenina, Eva S\u00e1nchez, del CN Petrer Carpinter\u00eda Met\u00e1lica La Villa, cumpli\u00f3 con los pron\u00f3sticos y se llev\u00f3 el cetro auton\u00f3mico en una gran demostraci\u00f3n de fuerza.<\/p>\n<p>S\u00e1nchez aventaj\u00f3 en m\u00e1s de dos minutos y medio a la veterana Inma S\u00e1nchez, del Tragaleguas.org, que fue segunda. La local M\u00f3nica Campos, del CGC Riba-roja Triatl\u00f3, fue tercera.<\/p>\n<p>El no federado Rafa Zapata fue el vencedor absoluto del Duatl\u00f3n Cross de Riba-roja con un tiempo de 1:08:05.<\/p>\n","protected":false},"excerpt":{"rendered":"<div class=\"mh-excerpt\">Jorge March y Eva S\u00e1nchez se coronaron campeones de la Comunitat Valenciana de duatl\u00f3n cross en la prueba celebrada este domingo en Riba-roja del T\u00faria. Los ganadores demostraron su superioridad, a pesar de los esfuerzos <a class=\"mh-excerpt-more\" href=\"https:\/\/www.tucomarca.com\/wordpress\/segunda\/jorge-march-y-eva-sanchez-se-proclaman-en-riba-roja-campeones-autonomicos-de-duatlon-cross\/\" title=\"Jorge March y Eva S\u00e1nchez se proclaman en Riba-roja campeones auton\u00f3micos de duatl\u00f3n cross\">[+] <\/a><\/div>\n","protected":false},"author":1,"featured_media":0,"comment_status":"open","ping_status":"open","sticky":false,"template":"","format":"standard","meta":{"footnotes":""},"categories":[98,46,6,182,3],"tags":[],"class_list":{"0":"post-8596","1":"post","2":"type-post","3":"status-publish","4":"format-standard","6":"category-atletismo","7":"category-camp-de-turia","8":"category-deportes","9":"category-riba-roja","10":"category-seccion"},"_links":{"self":[{"href":"https:\/\/www.tucomarca.com\/wordpress\/segunda\/wp-json\/wp\/v2\/posts\/8596","targetHints":{"allow":["GET"]}}],"collection":[{"href":"https:\/\/www.tucomarca.com\/wordpress\/segunda\/wp-json\/wp\/v2\/posts"}],"about":[{"href":"https:\/\/www.tucomarca.com\/wordpress\/segunda\/wp-json\/wp\/v2\/types\/post"}],"author":[{"embeddable":true,"href":"https:\/\/www.tucomarca.com\/wordpress\/segunda\/wp-json\/wp\/v2\/users\/1"}],"replies":[{"embeddable":true,"href":"https:\/\/www.tucomarca.com\/wordpress\/segunda\/wp-json\/wp\/v2\/comments?post=8596"}],"version-history":[{"count":0,"href":"https:\/\/www.tucomarca.com\/wordpress\/segunda\/wp-json\/wp\/v2\/posts\/8596\/revisions"}],"wp:attachment":[{"href":"https:\/\/www.tucomarca.com\/wordpress\/segunda\/wp-json\/wp\/v2\/media?parent=8596"}],"wp:term":[{"taxonomy":"category","embeddable":true,"href":"https:\/\/www.tucomarca.com\/wordpress\/segunda\/wp-json\/wp\/v2\/categories?post=8596"},{"taxonomy":"post_tag","embeddable":true,"href":"https:\/\/www.tucomarca.com\/wordpress\/segunda\/wp-json\/wp\/v2\/tags?post=8596"}],"curies":[{"name":"wp","href":"https:\/\/api.w.org\/{rel}","templated":true}]}}