{"id":8599,"date":"2012-11-05T12:59:14","date_gmt":"2012-11-05T11:59:14","guid":{"rendered":"http:\/\/www.tucomarca.com\/wordpress\/segunda\/?p=8599"},"modified":"2012-11-05T12:59:14","modified_gmt":"2012-11-05T11:59:14","slug":"roban-las-tuberias-de-las-duchas-las-ventanas-asi-como-en-el-bar-y-en-las-oficinas-del-cd-bunol","status":"publish","type":"post","link":"https:\/\/www.tucomarca.com\/wordpress\/segunda\/roban-las-tuberias-de-las-duchas-las-ventanas-asi-como-en-el-bar-y-en-las-oficinas-del-cd-bunol\/","title":{"rendered":"Roban las tuber\u00edas de las duchas, las ventanas as\u00ed como en el bar y en las oficinas del CD Bu\u00f1ol"},"content":{"rendered":"<p>Los ladrones se han cebado esta semana con el CD Bu\u00f1ol, ya que tal como han informado fuentes del club, \u00abhasta dos veces entraron a robar en las instalaciones del Bu\u00f1ol, en la primera internada se llevaron las tuber\u00edas de las duchas, ventanas y material de aluminio\u00a0e hierro, pero fue en la noche del viernes\u00a0cuando entraron\u00a0en el bar y las oficinas, llevandose bebida y comida por un valor aproximado de 600 euros, y en la oficina el ordenador, impresora, tel\u00e9fono, fax, material diverso de oficina&#8230; y curiosamente algunos de los trofeos ganados por este club\u00bb.<\/p>\n<p>Seg\u00fan las mismas fuentes, \u00abla Guardia civil est\u00e1 sobre la pista de los autores de los hechos, habiendose personado en las instalaciones municipales del campo de f\u00fatbol para llevar a cabo las investigaciones pertinentes\u00bb.<\/p>\n<p>Desde el club aseguran estar \u00abmuy fastidiados\u00bb, aunque no obstante remarcan que no cejar\u00e1n en su \u00abempe\u00f1o de trabajo por los chavales y por el club\u00bb.<\/p>\n","protected":false},"excerpt":{"rendered":"<div class=\"mh-excerpt\">Los ladrones se han cebado esta semana con el CD Bu\u00f1ol, ya que tal como han informado fuentes del club, \u00abhasta dos veces entraron a robar en las instalaciones del Bu\u00f1ol, en la primera internada <a class=\"mh-excerpt-more\" href=\"https:\/\/www.tucomarca.com\/wordpress\/segunda\/roban-las-tuberias-de-las-duchas-las-ventanas-asi-como-en-el-bar-y-en-las-oficinas-del-cd-bunol\/\" title=\"Roban las tuber\u00edas de las duchas, las ventanas as\u00ed como en el bar y en las oficinas del CD Bu\u00f1ol\">[+] <\/a><\/div>\n","protected":false},"author":1,"featured_media":8601,"comment_status":"open","ping_status":"open","sticky":false,"template":"","format":"standard","meta":{"footnotes":""},"categories":[18,50,6,8,10,3,116,45],"tags":[],"class_list":{"0":"post-8599","1":"post","2":"type-post","3":"status-publish","4":"format-standard","5":"has-post-thumbnail","7":"category-bunol","8":"category-futbol-deportes","9":"category-deportes","10":"category-la-comarca","11":"category-la-hoya","12":"category-seccion","13":"category-sucesos-la-comarca","14":"category-ventana"},"_links":{"self":[{"href":"https:\/\/www.tucomarca.com\/wordpress\/segunda\/wp-json\/wp\/v2\/posts\/8599","targetHints":{"allow":["GET"]}}],"collection":[{"href":"https:\/\/www.tucomarca.com\/wordpress\/segunda\/wp-json\/wp\/v2\/posts"}],"about":[{"href":"https:\/\/www.tucomarca.com\/wordpress\/segunda\/wp-json\/wp\/v2\/types\/post"}],"author":[{"embeddable":true,"href":"https:\/\/www.tucomarca.com\/wordpress\/segunda\/wp-json\/wp\/v2\/users\/1"}],"replies":[{"embeddable":true,"href":"https:\/\/www.tucomarca.com\/wordpress\/segunda\/wp-json\/wp\/v2\/comments?post=8599"}],"version-history":[{"count":0,"href":"https:\/\/www.tucomarca.com\/wordpress\/segunda\/wp-json\/wp\/v2\/posts\/8599\/revisions"}],"wp:featuredmedia":[{"embeddable":true,"href":"https:\/\/www.tucomarca.com\/wordpress\/segunda\/wp-json\/wp\/v2\/media\/8601"}],"wp:attachment":[{"href":"https:\/\/www.tucomarca.com\/wordpress\/segunda\/wp-json\/wp\/v2\/media?parent=8599"}],"wp:term":[{"taxonomy":"category","embeddable":true,"href":"https:\/\/www.tucomarca.com\/wordpress\/segunda\/wp-json\/wp\/v2\/categories?post=8599"},{"taxonomy":"post_tag","embeddable":true,"href":"https:\/\/www.tucomarca.com\/wordpress\/segunda\/wp-json\/wp\/v2\/tags?post=8599"}],"curies":[{"name":"wp","href":"https:\/\/api.w.org\/{rel}","templated":true}]}}