{"id":8612,"date":"2012-11-05T13:09:51","date_gmt":"2012-11-05T12:09:51","guid":{"rendered":"http:\/\/www.tucomarca.com\/wordpress\/segunda\/?p=8612"},"modified":"2012-11-05T13:09:51","modified_gmt":"2012-11-05T12:09:51","slug":"el-ayuntamiento-de-la-pobla-convoca-el-concurso-de-carteles-para-el-%c2%abdia-de-la-dona-2013%c2%bb","status":"publish","type":"post","link":"https:\/\/www.tucomarca.com\/wordpress\/segunda\/el-ayuntamiento-de-la-pobla-convoca-el-concurso-de-carteles-para-el-%c2%abdia-de-la-dona-2013%c2%bb\/","title":{"rendered":"El Ayuntamiento de La Pobla convoca el concurso de carteles para el \u00abd\u00eda de la dona 2013\u00bb"},"content":{"rendered":"<figure id=\"attachment_8613\" aria-describedby=\"caption-attachment-8613\" style=\"width: 212px\" class=\"wp-caption alignleft\"><a href=\"https:\/\/www.tucomarca.com\/wordpress\/segunda\/wp-content\/uploads\/2012\/11\/DONA2012MINI.jpg\"><img loading=\"lazy\" decoding=\"async\" class=\"size-medium wp-image-8613\" title=\"cartell dona+home.cdr\" src=\"https:\/\/www.tucomarca.com\/wordpress\/segunda\/wp-content\/uploads\/2012\/11\/DONA2012MINI-212x300.jpg\" alt=\"Cartel de la campa\u00f1a de este a\u00f1o 2012.\" width=\"212\" height=\"300\" srcset=\"https:\/\/www.tucomarca.com\/wordpress\/segunda\/wp-content\/uploads\/2012\/11\/DONA2012MINI-212x300.jpg 212w, https:\/\/www.tucomarca.com\/wordpress\/segunda\/wp-content\/uploads\/2012\/11\/DONA2012MINI-724x1024.jpg 724w, https:\/\/www.tucomarca.com\/wordpress\/segunda\/wp-content\/uploads\/2012\/11\/DONA2012MINI-1024x1448.jpg 1024w, https:\/\/www.tucomarca.com\/wordpress\/segunda\/wp-content\/uploads\/2012\/11\/DONA2012MINI.jpg 1253w\" sizes=\"auto, (max-width: 212px) 100vw, 212px\" \/><\/a><figcaption id=\"caption-attachment-8613\" class=\"wp-caption-text\">Cartel de la campa\u00f1a de este a\u00f1o 2012.<\/figcaption><\/figure>\n<p>El Ayuntamiento de la Pobla de Vallbona ha convocado el concurso de carteles de cara a los actos de conmemoraci\u00f3n del D\u00eda Internacional de la Mujer \u2018Dona 2013\u2019. El consistorio utilizar\u00e1 el cartel ganador como imagen para toda su campa\u00f1a informativa y de promoci\u00f3n de las actividades de esa conmemoraci\u00f3n.<\/p>\n<p>Cada concursante podr\u00e1 presentar un m\u00e1ximo de dos carteles, a los que se podr\u00e1 adjuntar alg\u00fan lema. La presentaci\u00f3n de propuestas finalizar\u00e1 el pr\u00f3ximo 30 de noviembre. Se pueden presentar en la Biblioteca Municpal, de lunes a viernes, de 9 a 13:30 y de 17 a 20 horas.<\/p>\n<p>El jurado estar\u00e1 compuesto por la concejala de la Mujer del Ayuntamiento de la Pobla de Vallbona y de profesionales relacionados con el dise\u00f1o gr\u00e1fico. El veredicto ser\u00e1 emitido antes del 30 de enero.<\/p>\n<p>Habr\u00e1 un premio de 200 euros para el cartel ganador. Todos los carteles presentados ser\u00e1n expuestos en la sala de exposiciones de la Casa de la Cultura durante el primer trimestre de 2013.<\/p>\n","protected":false},"excerpt":{"rendered":"<div class=\"mh-excerpt\">El Ayuntamiento de la Pobla de Vallbona ha convocado el concurso de carteles de cara a los actos de conmemoraci\u00f3n del D\u00eda Internacional de la Mujer \u2018Dona 2013\u2019. El consistorio utilizar\u00e1 el cartel ganador como <a class=\"mh-excerpt-more\" href=\"https:\/\/www.tucomarca.com\/wordpress\/segunda\/el-ayuntamiento-de-la-pobla-convoca-el-concurso-de-carteles-para-el-%c2%abdia-de-la-dona-2013%c2%bb\/\" title=\"El Ayuntamiento de La Pobla convoca el concurso de carteles para el \u00abd\u00eda de la dona 2013\u00bb\">[+] <\/a><\/div>\n","protected":false},"author":1,"featured_media":8613,"comment_status":"open","ping_status":"open","sticky":false,"template":"","format":"standard","meta":{"footnotes":""},"categories":[4,46,174,3],"tags":[],"class_list":{"0":"post-8612","1":"post","2":"type-post","3":"status-publish","4":"format-standard","5":"has-post-thumbnail","7":"category-agenda","8":"category-camp-de-turia","9":"category-la-pobla","10":"category-seccion"},"_links":{"self":[{"href":"https:\/\/www.tucomarca.com\/wordpress\/segunda\/wp-json\/wp\/v2\/posts\/8612","targetHints":{"allow":["GET"]}}],"collection":[{"href":"https:\/\/www.tucomarca.com\/wordpress\/segunda\/wp-json\/wp\/v2\/posts"}],"about":[{"href":"https:\/\/www.tucomarca.com\/wordpress\/segunda\/wp-json\/wp\/v2\/types\/post"}],"author":[{"embeddable":true,"href":"https:\/\/www.tucomarca.com\/wordpress\/segunda\/wp-json\/wp\/v2\/users\/1"}],"replies":[{"embeddable":true,"href":"https:\/\/www.tucomarca.com\/wordpress\/segunda\/wp-json\/wp\/v2\/comments?post=8612"}],"version-history":[{"count":0,"href":"https:\/\/www.tucomarca.com\/wordpress\/segunda\/wp-json\/wp\/v2\/posts\/8612\/revisions"}],"wp:featuredmedia":[{"embeddable":true,"href":"https:\/\/www.tucomarca.com\/wordpress\/segunda\/wp-json\/wp\/v2\/media\/8613"}],"wp:attachment":[{"href":"https:\/\/www.tucomarca.com\/wordpress\/segunda\/wp-json\/wp\/v2\/media?parent=8612"}],"wp:term":[{"taxonomy":"category","embeddable":true,"href":"https:\/\/www.tucomarca.com\/wordpress\/segunda\/wp-json\/wp\/v2\/categories?post=8612"},{"taxonomy":"post_tag","embeddable":true,"href":"https:\/\/www.tucomarca.com\/wordpress\/segunda\/wp-json\/wp\/v2\/tags?post=8612"}],"curies":[{"name":"wp","href":"https:\/\/api.w.org\/{rel}","templated":true}]}}