{"id":8616,"date":"2012-11-05T13:00:10","date_gmt":"2012-11-05T12:00:10","guid":{"rendered":"http:\/\/www.tucomarca.com\/wordpress\/segunda\/?p=8616"},"modified":"2012-11-05T14:41:01","modified_gmt":"2012-11-05T13:41:01","slug":"mas-de-2-300-personas-integran-el-dispositivo-preventivo-de-seguridad-y-emergencias-para-el-gran-premio-de-la-comunitat-valenciana","status":"publish","type":"post","link":"https:\/\/www.tucomarca.com\/wordpress\/segunda\/mas-de-2-300-personas-integran-el-dispositivo-preventivo-de-seguridad-y-emergencias-para-el-gran-premio-de-la-comunitat-valenciana\/","title":{"rendered":"M\u00e1s de 2.300 personas integran el dispositivo preventivo de seguridad y emergencias para el Gran Premio de la Comunitat Valenciana"},"content":{"rendered":"<p>\u00abLa Generalitat ha establecido un amplio dispositivo preventivo de  seguridad y emergencias, compuesto por m\u00e1s de 2.300 profesionales que  velar\u00e1n y atender\u00e1n las posibles incidencias de orden p\u00fablico y  sanitario que pudieran darse, tanto en el municipio de Cheste como en  las inmediaciones e interior del Circuito, durante el Gran Premio de  Motociclismo de la Comunitat Valenciana, que se celebrar\u00e1 del 9 al 11 de  noviembre en el Circuito de la Comunitat Valenciana Ricardo Tormo de  Cheste\u00bb, ha afirmado la secretaria auton\u00f3mica de Gobernaci\u00f3n, Asunci\u00f3n  Quinz\u00e1, durante la reuni\u00f3n de coordinaci\u00f3n del dispositivo preventivo.<\/p>\n<p>Quinz\u00e1 ha mantenido una reuni\u00f3n de coordinaci\u00f3n con el alcalde  de Cheste, subdelegado del Gobierno, director del Circuit Ricardo Tormo,  representantes de la Guardia Civil, Polic\u00eda Local, Cuerpo Nacional de  Polic\u00eda, Polic\u00eda de la Generalitat, t\u00e9cnicos de la Conselleria de  Gobernaci\u00f3n y de Infraestructuras, Territorio y Medio Ambiente, as\u00ed como  representantes de Sanidad.<\/p>\n<p>\u00abEn este dispositivo participar\u00e1n profesionales de las  distintas Administraciones y de las Fuerzas y Cuerpos de Seguridad del  Estado para que el evento deportivo transcurra con absoluta normalidad y  velando por la seguridad e intergridad de todos los asistentes\u00bb, ha  apuntado la secretaria auton\u00f3mica.<\/p>\n<p>En este sentido, ha explicado que se han determinado diferentes  l\u00edneas de trabajo \u00abdirigidas por las distintas consellerias implicadas,  as\u00ed como por el Ayuntamiento de Cheste, Delegaci\u00f3n del Gobierno y  Consorcio Provincial de Bomberos de Valencia para no dejar nada a la  improvisaci\u00f3n y para que este Gran Premio, en su 14\u00aa edici\u00f3n, vuelva a  ser un \u00e9xito, tanto en la organizaci\u00f3n como en lo deportivo, pese a que  ya se han proclamado los ganadores en las tres categor\u00edas del Mundial de  Motociclismo\u00bb.<\/p>\n<p>Durante la celebraci\u00f3n de las pruebas de motociclismo, la  Conselleria de Gobernaci\u00f3n pondr\u00e1 a disposici\u00f3n dos helic\u00f3pteros (uno  medicalizado y otro de coordinaci\u00f3n) por si fueran necesarios. Asimismo,  ha apuntado que el Puesto de Mando Avanzado se desplazar\u00e1 al casco  urbano para poder coordinar la actuaci\u00f3n de los diferentes efectivos en  caso de que se produzca una emergencia.<\/p>\n<p><strong>Plan de Emergencia Exterior <\/strong><\/p>\n<p>Por otra parte, la secretaria auton\u00f3mica de Gobernaci\u00f3n ha  recordado que el Circuito Ricardo Tormo \u00abcuenta con un Plan de  Emergencia Exterior que contiene un an\u00e1lisis de riesgos con enumeraci\u00f3n  de las posibles situaciones de emergencia que pudieran producirse, as\u00ed  como los dispositivos preventivos, el \u00f3rgano conjunto de coordinaci\u00f3n y  los mecanismos de actuaci\u00f3n en las diferentes emergencias clasificados  en funci\u00f3n de su gravedad\u00bb.<\/p>\n<p>El dispositivo en el interior del Circuito se completa con la  presencia de t\u00e9cnicos de la Conselleria de Gobernaci\u00f3n, de Voluntarios  de Protecci\u00f3n Civil de la Comunitat Valenciana, efectivos de la Polic\u00eda  de la Generalitat y del Consorcio Provincial de Bomberos de Valencia.<\/p>\n<p>Asunci\u00f3n Quinz\u00e1 ha indicado que se prev\u00e9 una afluencia de  p\u00fablico que oscila entre los 60.000 y 70.000 aficionados, por lo que ha  aconsejado la utilizaci\u00f3n del transporte p\u00fablico, as\u00ed como carreteras  alternativas para llegar al circuito con el fin de que en las horas  punta la circulaci\u00f3n sea lo m\u00e1s fluida y escalonada posible.<\/p>\n<p><strong>Refuerzo de los turnos del tel\u00e9fono 112 <\/strong><\/p>\n<p>Por su parte, \u00abel tel\u00e9fono de urgencias y emergencias &#8216;112 Comunitat  Valenciana&#8217; ampliar\u00e1 su servicio de atenci\u00f3n de llamadas en idiomas  para atender los avisos que se reciban de los visitantes extranjeros que  acudan a esta gran cita del motociclismo, en un 4,2% el viernes, un  3,9% el s\u00e1bado y un 4,3 el domingo\u00bb.<\/p>\n<p>La Conselleria de Gobernaci\u00f3n tambi\u00e9n pondr\u00e1 en marcha el Plan  de Vigilancia y Prevenci\u00f3n de Incendios Forestales, que finalizar\u00e1 el  domingo, para extremar la vigilancia en los montes cercanos al Circuito.<\/p>\n<p>Adem\u00e1s de estos operativos, Quinz\u00e1 ha comentado que se contar\u00e1  con la labor que efect\u00faan los Cuerpos y Fuerzas de Seguridad y la  Subdelegaci\u00f3n del Gobierno se encargar\u00e1 de activar el Plan de Seguridad,  Evacuaci\u00f3n y Accesos del Circuito en caso de que fuera necesario.<\/p>\n<p>Finalmente, ha resaltado los 14 a\u00f1os de experiencia y \u00e9xito en  la celebraci\u00f3n  y organizaci\u00f3n de este  Gran Premio de Motociclismo, y  ha a\u00f1adido que el objetivo \u00abconsiste en seguir mejorando  cualitativamente la organizaci\u00f3n del dispositivo preventivo de  emergencias\u00bb.<\/p>\n","protected":false},"excerpt":{"rendered":"<div class=\"mh-excerpt\">\u00abLa Generalitat ha establecido un amplio dispositivo preventivo de seguridad y emergencias, compuesto por m\u00e1s de 2.300 profesionales que velar\u00e1n y atender\u00e1n las posibles incidencias de orden p\u00fablico y sanitario que pudieran darse, tanto en <a class=\"mh-excerpt-more\" href=\"https:\/\/www.tucomarca.com\/wordpress\/segunda\/mas-de-2-300-personas-integran-el-dispositivo-preventivo-de-seguridad-y-emergencias-para-el-gran-premio-de-la-comunitat-valenciana\/\" title=\"M\u00e1s de 2.300 personas integran el dispositivo preventivo de seguridad y emergencias para el Gran Premio de la Comunitat Valenciana\">[+] <\/a><\/div>\n","protected":false},"author":1,"featured_media":0,"comment_status":"open","ping_status":"open","sticky":false,"template":"","format":"standard","meta":{"footnotes":""},"categories":[17,8,10],"tags":[],"class_list":{"0":"post-8616","1":"post","2":"type-post","3":"status-publish","4":"format-standard","6":"category-cheste","7":"category-la-comarca","8":"category-la-hoya"},"_links":{"self":[{"href":"https:\/\/www.tucomarca.com\/wordpress\/segunda\/wp-json\/wp\/v2\/posts\/8616","targetHints":{"allow":["GET"]}}],"collection":[{"href":"https:\/\/www.tucomarca.com\/wordpress\/segunda\/wp-json\/wp\/v2\/posts"}],"about":[{"href":"https:\/\/www.tucomarca.com\/wordpress\/segunda\/wp-json\/wp\/v2\/types\/post"}],"author":[{"embeddable":true,"href":"https:\/\/www.tucomarca.com\/wordpress\/segunda\/wp-json\/wp\/v2\/users\/1"}],"replies":[{"embeddable":true,"href":"https:\/\/www.tucomarca.com\/wordpress\/segunda\/wp-json\/wp\/v2\/comments?post=8616"}],"version-history":[{"count":0,"href":"https:\/\/www.tucomarca.com\/wordpress\/segunda\/wp-json\/wp\/v2\/posts\/8616\/revisions"}],"wp:attachment":[{"href":"https:\/\/www.tucomarca.com\/wordpress\/segunda\/wp-json\/wp\/v2\/media?parent=8616"}],"wp:term":[{"taxonomy":"category","embeddable":true,"href":"https:\/\/www.tucomarca.com\/wordpress\/segunda\/wp-json\/wp\/v2\/categories?post=8616"},{"taxonomy":"post_tag","embeddable":true,"href":"https:\/\/www.tucomarca.com\/wordpress\/segunda\/wp-json\/wp\/v2\/tags?post=8616"}],"curies":[{"name":"wp","href":"https:\/\/api.w.org\/{rel}","templated":true}]}}