{"id":8620,"date":"2012-11-05T14:45:54","date_gmt":"2012-11-05T13:45:54","guid":{"rendered":"http:\/\/www.tucomarca.com\/wordpress\/segunda\/?p=8620"},"modified":"2012-11-05T14:45:54","modified_gmt":"2012-11-05T13:45:54","slug":"el-ayuntamiento-de-cheste-celebrara-este-viernes-su-tradicional-recepcion-a-los-pilotos-del-mundial","status":"publish","type":"post","link":"https:\/\/www.tucomarca.com\/wordpress\/segunda\/el-ayuntamiento-de-cheste-celebrara-este-viernes-su-tradicional-recepcion-a-los-pilotos-del-mundial\/","title":{"rendered":"El Ayuntamiento de Cheste celebrar\u00e1 este viernes su tradicional recepci\u00f3n a los pilotos del mundial"},"content":{"rendered":"<p>El Ayuntamiento de Cheste, y en su nombre el alcalde de la poblaci\u00f3n, David Dom\u00e9nech, ha invitado a todos los aficionados al motor a la recepci\u00f3n de pilotos que tendr\u00e1 lugar este viernes 9 de noviembre a partir de las 19,30 horas en la Plaza Dr. Cajal.<\/p>\n<p>En esta edici\u00f3n est\u00e1 confirmada la presencia de reconocidos pilotos en un acto en el que se prev\u00e9 un homenaje a los campeones del mundo de motociclismo de la Comunitat Valenciana: Ricardo Tormo, Manuel Herreros \u201cChampi\u201d, Jorge Mart\u00ednez \u201cAspar\u201d y Nico Terol adem\u00e1s de un reconocimiento especial a Carmelo Ezpeleta.<\/p>\n<p>Sobre las 20,00 horas est\u00e1 prevista la degustaci\u00f3n de la paella gigante y el dispaaro de un castillo de fuegos artificiales. Como es tradicional todos los aficionados al motor que est\u00e9n en Cheste y lo deseen podr\u00e1n participar de la gran avanzadilla de motos que escoltar\u00e1 a los pilotos de Mundial hasta las puertas del Ayuntamiento donde se dirigir\u00e1n a la afici\u00f3n.<\/p>\n<p>Adem\u00e1s el Ayuntamiento sorprender\u00e1 a la afici\u00f3n con un gran falla dedicada al mundo del motociclismo que estar\u00e1 plantada en este miso lugar para el deleite de los moteros y pilotos.<\/p>\n","protected":false},"excerpt":{"rendered":"<div class=\"mh-excerpt\">El Ayuntamiento de Cheste, y en su nombre el alcalde de la poblaci\u00f3n, David Dom\u00e9nech, ha invitado a todos los aficionados al motor a la recepci\u00f3n de pilotos que tendr\u00e1 lugar este viernes 9 de <a class=\"mh-excerpt-more\" href=\"https:\/\/www.tucomarca.com\/wordpress\/segunda\/el-ayuntamiento-de-cheste-celebrara-este-viernes-su-tradicional-recepcion-a-los-pilotos-del-mundial\/\" title=\"El Ayuntamiento de Cheste celebrar\u00e1 este viernes su tradicional recepci\u00f3n a los pilotos del mundial\">[+] <\/a><\/div>\n","protected":false},"author":1,"featured_media":8622,"comment_status":"open","ping_status":"open","sticky":false,"template":"","format":"standard","meta":{"footnotes":""},"categories":[4,17,10,3],"tags":[],"class_list":{"0":"post-8620","1":"post","2":"type-post","3":"status-publish","4":"format-standard","5":"has-post-thumbnail","7":"category-agenda","8":"category-cheste","9":"category-la-hoya","10":"category-seccion"},"_links":{"self":[{"href":"https:\/\/www.tucomarca.com\/wordpress\/segunda\/wp-json\/wp\/v2\/posts\/8620","targetHints":{"allow":["GET"]}}],"collection":[{"href":"https:\/\/www.tucomarca.com\/wordpress\/segunda\/wp-json\/wp\/v2\/posts"}],"about":[{"href":"https:\/\/www.tucomarca.com\/wordpress\/segunda\/wp-json\/wp\/v2\/types\/post"}],"author":[{"embeddable":true,"href":"https:\/\/www.tucomarca.com\/wordpress\/segunda\/wp-json\/wp\/v2\/users\/1"}],"replies":[{"embeddable":true,"href":"https:\/\/www.tucomarca.com\/wordpress\/segunda\/wp-json\/wp\/v2\/comments?post=8620"}],"version-history":[{"count":0,"href":"https:\/\/www.tucomarca.com\/wordpress\/segunda\/wp-json\/wp\/v2\/posts\/8620\/revisions"}],"wp:featuredmedia":[{"embeddable":true,"href":"https:\/\/www.tucomarca.com\/wordpress\/segunda\/wp-json\/wp\/v2\/media\/8622"}],"wp:attachment":[{"href":"https:\/\/www.tucomarca.com\/wordpress\/segunda\/wp-json\/wp\/v2\/media?parent=8620"}],"wp:term":[{"taxonomy":"category","embeddable":true,"href":"https:\/\/www.tucomarca.com\/wordpress\/segunda\/wp-json\/wp\/v2\/categories?post=8620"},{"taxonomy":"post_tag","embeddable":true,"href":"https:\/\/www.tucomarca.com\/wordpress\/segunda\/wp-json\/wp\/v2\/tags?post=8620"}],"curies":[{"name":"wp","href":"https:\/\/api.w.org\/{rel}","templated":true}]}}