{"id":86364,"date":"2019-05-19T22:54:51","date_gmt":"2019-05-19T20:54:51","guid":{"rendered":"http:\/\/www.tucomarca.com\/wordpress\/segunda\/?p=86364"},"modified":"2019-05-19T22:54:51","modified_gmt":"2019-05-19T20:54:51","slug":"rafa-murcia-y-silvia-sarrion-campeones-del-circuito-trail-valencia-cajamar-2018-19-en-gestalgar","status":"publish","type":"post","link":"https:\/\/www.tucomarca.com\/wordpress\/segunda\/rafa-murcia-y-silvia-sarrion-campeones-del-circuito-trail-valencia-cajamar-2018-19-en-gestalgar\/","title":{"rendered":"Rafa Murcia y Silvia Sarri\u00f3n, campeones del Circuito Trail Valencia-Cajamar 2018-19 en Gestalgar"},"content":{"rendered":"<figure id=\"attachment_86365\" aria-describedby=\"caption-attachment-86365\" style=\"width: 426px\" class=\"wp-caption alignleft\"><img loading=\"lazy\" decoding=\"async\" class=\" wp-image-86365\" src=\"https:\/\/www.tucomarca.com\/wordpress\/segunda\/wp-content\/uploads\/2019\/05\/03.jpeg\" alt=\"Mejor equipo Timerlap.\" width=\"426\" height=\"284\" srcset=\"https:\/\/www.tucomarca.com\/wordpress\/segunda\/wp-content\/uploads\/2019\/05\/03.jpeg 640w, https:\/\/www.tucomarca.com\/wordpress\/segunda\/wp-content\/uploads\/2019\/05\/03-300x200.jpeg 300w\" sizes=\"auto, (max-width: 426px) 100vw, 426px\" \/><figcaption id=\"caption-attachment-86365\" class=\"wp-caption-text\">Mejor equipo Timerlap.<\/figcaption><\/figure>\n<p><strong>El Trail de Gestalgar-Pe\u00f1a Mar\u00eda ha puesto el punto final hoy a la temporada<\/strong><\/p>\n<p><strong>Rafa Murcia y Silvia Sarri\u00f3n, ambos del Timerlap, ganan la prueba en trail y se convierten en ganadores del CTV 2018-19<\/strong><\/p>\n<p><strong>En sprinttrail, los primeros clasificados han sido Jes\u00fas Quiles y Diana Ferrando<span class=\"Apple-converted-space\">\u00a0<\/span><\/strong><\/p>\n<p>El<b> Circuito Trail Valencia-Cajamar (CTV) <\/b>ha cerrado hoy su temporada 2018-19 con el <b>VII Trail Gestalgar-Pe\u00f1a Mar\u00eda<\/b>, s\u00e9ptima prueba puntuable, que se ha disputado esta ma\u00f1ana con la presencia de m\u00e1s de 300 participantes y una climatolog\u00eda perfecta para correr.<\/p>\n<p>Ha habido que esperar hasta la \u00faltima jornada para conocer quienes ser\u00edan los ganadores absolutos de la modalidad de trail, aunque sus nombres no han sorprendido. <b>Rafa Murcia<\/b> (Timerlap) se ha hecho con su tercer CTV despu\u00e9s de los conquistados en las temporadas 2016 y 2017-18 y se convierte en el corredor con m\u00e1s t\u00edtulos, aunque a uno por detr\u00e1s de Patricia L\u00f3pez, la persona que m\u00e1s circuitos ha ganado en la historia.<\/p>\n<p>En categor\u00eda femenina, este a\u00f1o la gran ganadora ha sido <b>Silvia Sarri\u00f3n<\/b>, tambi\u00e9n del <b>Timerlap<\/b>, que se convierte en el equipo dominador en la distancia m\u00e1s larga. Sarri\u00f3n ha sido tambi\u00e9n la primera clasificada de la prueba larga de hoy, de 19 km, tras entrar en meta de la mano con su compa\u00f1era B\u00e1rbara Moragues, con 1:57:59 y 1:58:00. Murcia tambi\u00e9n ha cruzado primero el arco con un tiempo de 1:32:08.<\/p>\n<p>En el sprinttrail, el CTV ya estaba decidido. Sara P\u00e9rez y <b>Jes\u00fas Quiles<\/b>, ambos del \u00c1lex Campos Team, se proclamaron matem\u00e1ticamente campeones en Cortes de Pall\u00e1s. Hoy, Quiles ha vuelto a ganar su prueba con un gran tiempo de 50:22. En mujeres, la ganadora ha sido <b>Diana Ferrando<\/b> (CD Never Stop Running), que ha empleado 1:08:48 en completar el recorrido de 11,3 km.<\/p>\n<p>Por equipos, los ganadores absolutos del CTV 2019-18 han sido el <b>\u00c1lex Campos Team<\/b> en el sprinttrail y el <b>Timerlap<\/b> en trail. Este \u00faltimo ha sido tambi\u00e9n el mejor equipo en Gestalgar y junto al <b>Green Power Sports Team<\/b>.<\/p>\n<p>El Trail de Gestalgar-Pe\u00f1a Mar\u00eda est\u00e1 organizado por 3Direcciones con la colaboraci\u00f3n del Ayuntamiento de Gestalgar y la colaboraci\u00f3n de asociaciones locales y vecinos, que se vuelcan para que todos los visitantes se sientan como en casa.<span class=\"Apple-converted-space\">\u00a0<\/span><\/p>\n","protected":false},"excerpt":{"rendered":"<div class=\"mh-excerpt\">El Trail de Gestalgar-Pe\u00f1a Mar\u00eda ha puesto el punto final hoy a la temporada Rafa Murcia y Silvia Sarri\u00f3n, ambos del Timerlap, ganan la prueba en trail y se convierten en ganadores del CTV 2018-19 <a class=\"mh-excerpt-more\" href=\"https:\/\/www.tucomarca.com\/wordpress\/segunda\/rafa-murcia-y-silvia-sarrion-campeones-del-circuito-trail-valencia-cajamar-2018-19-en-gestalgar\/\" title=\"Rafa Murcia y Silvia Sarri\u00f3n, campeones del Circuito Trail Valencia-Cajamar 2018-19 en Gestalgar\">[+] <\/a><\/div>\n","protected":false},"author":2,"featured_media":86365,"comment_status":"open","ping_status":"open","sticky":false,"template":"","format":"standard","meta":{"footnotes":""},"categories":[98,6,193,59,3],"tags":[10446,11662],"class_list":{"0":"post-86364","1":"post","2":"type-post","3":"status-publish","4":"format-standard","5":"has-post-thumbnail","7":"category-atletismo","8":"category-deportes","9":"category-gestalgar","10":"category-los-serranos","11":"category-seccion","12":"tag-gestalgar","13":"tag-trail-de-gestalgar-pena-maria"},"_links":{"self":[{"href":"https:\/\/www.tucomarca.com\/wordpress\/segunda\/wp-json\/wp\/v2\/posts\/86364","targetHints":{"allow":["GET"]}}],"collection":[{"href":"https:\/\/www.tucomarca.com\/wordpress\/segunda\/wp-json\/wp\/v2\/posts"}],"about":[{"href":"https:\/\/www.tucomarca.com\/wordpress\/segunda\/wp-json\/wp\/v2\/types\/post"}],"author":[{"embeddable":true,"href":"https:\/\/www.tucomarca.com\/wordpress\/segunda\/wp-json\/wp\/v2\/users\/2"}],"replies":[{"embeddable":true,"href":"https:\/\/www.tucomarca.com\/wordpress\/segunda\/wp-json\/wp\/v2\/comments?post=86364"}],"version-history":[{"count":0,"href":"https:\/\/www.tucomarca.com\/wordpress\/segunda\/wp-json\/wp\/v2\/posts\/86364\/revisions"}],"wp:featuredmedia":[{"embeddable":true,"href":"https:\/\/www.tucomarca.com\/wordpress\/segunda\/wp-json\/wp\/v2\/media\/86365"}],"wp:attachment":[{"href":"https:\/\/www.tucomarca.com\/wordpress\/segunda\/wp-json\/wp\/v2\/media?parent=86364"}],"wp:term":[{"taxonomy":"category","embeddable":true,"href":"https:\/\/www.tucomarca.com\/wordpress\/segunda\/wp-json\/wp\/v2\/categories?post=86364"},{"taxonomy":"post_tag","embeddable":true,"href":"https:\/\/www.tucomarca.com\/wordpress\/segunda\/wp-json\/wp\/v2\/tags?post=86364"}],"curies":[{"name":"wp","href":"https:\/\/api.w.org\/{rel}","templated":true}]}}