{"id":86379,"date":"2019-05-19T22:45:50","date_gmt":"2019-05-19T20:45:50","guid":{"rendered":"http:\/\/www.tucomarca.com\/wordpress\/segunda\/?p=86379"},"modified":"2019-05-19T22:45:50","modified_gmt":"2019-05-19T20:45:50","slug":"contelles-frente-al-sectarismo-y-la-division-impuesta-por-el-cuatripartito-de-izquierdas-es-momento-de-ir-todos-a-una-en-la-pobla","status":"publish","type":"post","link":"https:\/\/www.tucomarca.com\/wordpress\/segunda\/contelles-frente-al-sectarismo-y-la-division-impuesta-por-el-cuatripartito-de-izquierdas-es-momento-de-ir-todos-a-una-en-la-pobla\/","title":{"rendered":"Contelles: \u201cFrente al sectarismo y la divisi\u00f3n impuesta por el cuatripartito de izquierdas es momento de ir todos a una en La Pobla\u201d"},"content":{"rendered":"<figure id=\"attachment_86380\" aria-describedby=\"caption-attachment-86380\" style=\"width: 256px\" class=\"wp-caption alignleft\"><img loading=\"lazy\" decoding=\"async\" class=\" wp-image-86380\" src=\"https:\/\/www.tucomarca.com\/wordpress\/segunda\/wp-content\/uploads\/2019\/05\/presentacion_pobla3.jpeg\" alt=\"La candidata a la alcald\u00eda por el Partido Popular de la Pobla de Vallbona, Mari Carmen Contelles, ha presentado a los integrantes de la candidatura.\" width=\"256\" height=\"329\" srcset=\"https:\/\/www.tucomarca.com\/wordpress\/segunda\/wp-content\/uploads\/2019\/05\/presentacion_pobla3.jpeg 480w, https:\/\/www.tucomarca.com\/wordpress\/segunda\/wp-content\/uploads\/2019\/05\/presentacion_pobla3-233x300.jpeg 233w\" sizes=\"auto, (max-width: 256px) 100vw, 256px\" \/><figcaption id=\"caption-attachment-86380\" class=\"wp-caption-text\">La candidata a la alcald\u00eda por el Partido Popular de la Pobla de Vallbona, Mari Carmen Contelles, ha presentado a los integrantes de la candidatura.<\/figcaption><\/figure>\n<p>La candidata a la alcald\u00eda por el Partido Popular de la Pobla de Vallbona, \u00a0Mari Carmen Contelles, ha presentado a los integrantes de la candidatura y ha explicado sus propuestas para mejorar la calidad de vida de los vecinos de la localidad de la comarca de Camp de T\u00faria. En la presentaci\u00f3n, la candidata ha destacado \u201cfrente al sectarismo y la divisi\u00f3n impuesta por el cuatripartito de izquierdas es momento de ir todos a una\u201d<\/p>\n<p>Contelles ha estado acompa\u00f1ada por la Presidenta del Partido Popular de la Comunitat Valenciana, Isabel Bonig, alcaldes y candidatos de la comarca, en un acto celebrado frente a la sede de los populares y que ha contado con la asistencia de cientos de vecinos de la localidad.<\/p>\n<p>La candidata ha iniciado la presentaci\u00f3n se\u00f1alando que \u201cel Partido Popular de la Pobla de Vallbona presenta una lista totalmente renovada con personas que m\u00e1s all\u00e1 de su formaci\u00f3n y capacidad destacan por su ilusi\u00f3n y las ganas de trabajar para mejorar nuestro municipio\u201d.<\/p>\n<p>\u201cSomos un equipo que combina la juventud y la experiencia para aportar soluciones reales a los problemas de la Pobla.\u00a0 Adem\u00e1s es una candidatura representativa de la diversidad que enriquece nuestro municipio, con personas destacadas de las asociaciones culturales\u201d, ha asegurado Contelles.<\/p>\n<p>Mari Carmen Contelles, ha aprovechado tambi\u00e9n para desgranar algunas de las principales propuestas de su programa de gobierno \u201ccomo prioridad queremos recompensar el esfuerzo que han hecho nuestros vecinos durante los \u00faltimos a\u00f1os con una revoluci\u00f3n fiscal. Vamos a bajar el IBI urbano y bonificar al 95 % el IBI r\u00fastico. Necesitamos tambi\u00e9n un nuevo impulso inversor y hacer realidad infraestructuras clave como el colector central de la zona norte, las carreteras de acceso o solucionar los problemas de inundaciones tras cuatro a\u00f1os perdidos\u201d.<\/p>\n<p>\u201cLos vecinos y las empresas de La Pobla de Vallbona no pueden pasar cuatro a\u00f1os m\u00e1s de letargo por culpa de un cuatripartito liderado por Comprom\u00eds que se ha mostrado incapaz de resolver las necesidades del municipio\u201d.<\/p>\n<p>Para la candidata, \u201chemos vivido una legislatura marcada por un cuatripartito m\u00e1s preocupado de imponer su ideolog\u00eda y dividir que en solucionar los problemas. Nuestra gesti\u00f3n va estar marcada por la libertad, la pluralidad y el respeto al biling\u00fcismo\u201d.<\/p>\n<p>Para finalizar Contelles ha subrayado \u201cel pr\u00f3ximo 26 de mayo m\u00e1s que nunca se hace necesario situar a todos nuestros vecinos en el centro de la pol\u00edtica municipal. Es momento de unir los votos en el Partido Popular para dejar atr\u00e1s la inoperancia de una izquierda formada por Comprom\u00eds, PSPV, EU y CUPO instalada en la inoperancia, el rencor y la divisi\u00f3n durante estos \u00faltimos cuatro a\u00f1os\u201d.<\/p>\n","protected":false},"excerpt":{"rendered":"<div class=\"mh-excerpt\">La candidata a la alcald\u00eda por el Partido Popular de la Pobla de Vallbona, \u00a0Mari Carmen Contelles, ha presentado a los integrantes de la candidatura y ha explicado sus propuestas para mejorar la calidad de <a class=\"mh-excerpt-more\" href=\"https:\/\/www.tucomarca.com\/wordpress\/segunda\/contelles-frente-al-sectarismo-y-la-division-impuesta-por-el-cuatripartito-de-izquierdas-es-momento-de-ir-todos-a-una-en-la-pobla\/\" title=\"Contelles: \u201cFrente al sectarismo y la divisi\u00f3n impuesta por el cuatripartito de izquierdas es momento de ir todos a una en La Pobla\u201d\">[+] <\/a><\/div>\n","protected":false},"author":2,"featured_media":86380,"comment_status":"open","ping_status":"open","sticky":false,"template":"","format":"standard","meta":{"footnotes":""},"categories":[46,174,142,3],"tags":[11272],"class_list":{"0":"post-86379","1":"post","2":"type-post","3":"status-publish","4":"format-standard","5":"has-post-thumbnail","7":"category-camp-de-turia","8":"category-la-pobla","9":"category-politica-la-comarca","10":"category-seccion","11":"tag-pp-pobla-de-vallbona"},"_links":{"self":[{"href":"https:\/\/www.tucomarca.com\/wordpress\/segunda\/wp-json\/wp\/v2\/posts\/86379","targetHints":{"allow":["GET"]}}],"collection":[{"href":"https:\/\/www.tucomarca.com\/wordpress\/segunda\/wp-json\/wp\/v2\/posts"}],"about":[{"href":"https:\/\/www.tucomarca.com\/wordpress\/segunda\/wp-json\/wp\/v2\/types\/post"}],"author":[{"embeddable":true,"href":"https:\/\/www.tucomarca.com\/wordpress\/segunda\/wp-json\/wp\/v2\/users\/2"}],"replies":[{"embeddable":true,"href":"https:\/\/www.tucomarca.com\/wordpress\/segunda\/wp-json\/wp\/v2\/comments?post=86379"}],"version-history":[{"count":0,"href":"https:\/\/www.tucomarca.com\/wordpress\/segunda\/wp-json\/wp\/v2\/posts\/86379\/revisions"}],"wp:featuredmedia":[{"embeddable":true,"href":"https:\/\/www.tucomarca.com\/wordpress\/segunda\/wp-json\/wp\/v2\/media\/86380"}],"wp:attachment":[{"href":"https:\/\/www.tucomarca.com\/wordpress\/segunda\/wp-json\/wp\/v2\/media?parent=86379"}],"wp:term":[{"taxonomy":"category","embeddable":true,"href":"https:\/\/www.tucomarca.com\/wordpress\/segunda\/wp-json\/wp\/v2\/categories?post=86379"},{"taxonomy":"post_tag","embeddable":true,"href":"https:\/\/www.tucomarca.com\/wordpress\/segunda\/wp-json\/wp\/v2\/tags?post=86379"}],"curies":[{"name":"wp","href":"https:\/\/api.w.org\/{rel}","templated":true}]}}