{"id":86455,"date":"2019-05-20T14:58:47","date_gmt":"2019-05-20T12:58:47","guid":{"rendered":"http:\/\/www.tucomarca.com\/wordpress\/segunda\/?p=86455"},"modified":"2019-05-20T14:58:47","modified_gmt":"2019-05-20T12:58:47","slug":"la-generalitat-aprueba-el-nuevo-proyecto-de-transporte-en-autobus-que-mejora-la-oferta-y-el-servicio-entre-la-hoya-de-bunol-chiva-y-valencia","status":"publish","type":"post","link":"https:\/\/www.tucomarca.com\/wordpress\/segunda\/la-generalitat-aprueba-el-nuevo-proyecto-de-transporte-en-autobus-que-mejora-la-oferta-y-el-servicio-entre-la-hoya-de-bunol-chiva-y-valencia\/","title":{"rendered":"La Generalitat aprueba el nuevo proyecto de transporte en autob\u00fas que mejora la oferta y el servicio entre La Hoya de Bu\u00f1ol-Chiva y Val\u00e8ncia"},"content":{"rendered":"<figure id=\"attachment_86456\" aria-describedby=\"caption-attachment-86456\" style=\"width: 478px\" class=\"wp-caption alignleft\"><img loading=\"lazy\" decoding=\"async\" class=\" wp-image-86456\" src=\"https:\/\/www.tucomarca.com\/wordpress\/segunda\/wp-content\/uploads\/2019\/05\/lahoya.jpg\" alt=\"La Generalitat mejora la oferta y el servicio entre La Hoya y Val\u00e8ncia.\" width=\"478\" height=\"292\" srcset=\"https:\/\/www.tucomarca.com\/wordpress\/segunda\/wp-content\/uploads\/2019\/05\/lahoya.jpg 787w, https:\/\/www.tucomarca.com\/wordpress\/segunda\/wp-content\/uploads\/2019\/05\/lahoya-300x183.jpg 300w, https:\/\/www.tucomarca.com\/wordpress\/segunda\/wp-content\/uploads\/2019\/05\/lahoya-768x469.jpg 768w\" sizes=\"auto, (max-width: 478px) 100vw, 478px\" \/><figcaption id=\"caption-attachment-86456\" class=\"wp-caption-text\">La Generalitat mejora la oferta y el servicio entre La Hoya y Val\u00e8ncia.<\/figcaption><\/figure>\n<p>La Conselleria de Vivienda, Obras P\u00fablicas y Vertebraci\u00f3n del Territorio ha aprobado el nuevo proyecto de servicio p\u00fablico de transporte de viajeros CV-107 La Hoya de Bu\u00f1ol-Val\u00e8ncia despu\u00e9s del proceso de informaci\u00f3n p\u00fablica donde han presentado propuestas ayuntamientos, entidades y empresas, seg\u00fan publica el Diario Oficial de la Generalitat Valenciana (DOGV).<\/p>\n<p>La nueva concesi\u00f3n de transporte de viajeros por carretera atender\u00e1 a nueve municipios de las comarcas de La Hoya de Bu\u00f1ol y La Ribera Alta (Y\u00e1tova, Alborache, Macastre, Bu\u00f1ol, Chiva, Cheste, Cortes de Pall\u00e1s, Tur\u00eds y Godelleta) que, con una poblaci\u00f3n de m\u00e1s de 40.000 habitantes, conectar\u00e1 estos municipios con los centros de especialidades m\u00e9dicas de Bu\u00f1ol y Aldaia, con el hospital de Manises y con la ciudad de Valencia. Para ello, contar\u00e1 con un m\u00ednimo de ocho autobuses que recorrer\u00e1n alrededor de 915.000 kil\u00f3metros anuales.<\/p>\n<p>La ordenaci\u00f3n del servicio forma parte de la reordenaci\u00f3n completa en toda la Comunitat que ha realizado la Generalitat para garantizar el transporte p\u00fablico en el 100% de los municipios.<\/p>\n<p><b>Mejoras incorporadas en la participaci\u00f3n p\u00fablica<\/b><\/p>\n<p>Como resultado de la aceptaci\u00f3n de alegaciones presentadas, la Conselleria ha estimado oportuno incoporar las propuestas presentadas por los ayuntamientos de Bu\u00f1ol y Chiva de incluir paradas en todas las estaciones de Renfe C3 de los municipios por los que pasan, con el fin de coordinar con el ferrocarril los municipios que no disponen de servicio ferroviario. As\u00ed, Godelleta y Tur\u00eds dispondr\u00e1n de l\u00ednea directa con Cheste y su estaci\u00f3n, mientras que Y\u00e1tova, Macastre y Alborache dispondr\u00e1n de conexi\u00f3n con las estaciones de Bu\u00f1ol y Chiva.<\/p>\n<p>De igual manera, se crea la L\u00ednea 4b, que conectar\u00e1 Godelleta y Tur\u00eds con el nuevo centro de especialidades m\u00e9dicas de Bu\u00f1ol, atendiendo a la alegaci\u00f3n presentada por el Ayuntamiento de Godelleta y se ajustan los horarios de la primera expedici\u00f3n para que el primer autob\u00fas llegue al hospital de Manises a las 8:00 horas, atendiendo as\u00ed a la propuesta presentada por el Ayuntamiento de Cheste.<\/p>\n<p><b>Caracter\u00edsticas del nuevo proyecto<\/b><\/p>\n<p>Este nuevo contrato se apoya en la autov\u00eda A-3 para comunicar la comarca de la Hoya de Bu\u00f1ol con Val\u00e8ncia, utilizando dos itinerarios principales, uno que sigue la traza de la autov\u00eda para dar servicio principalmente a Cheste, Chiva y Bu\u00f1ol; y otro parcialmente interior que dar\u00e1 servicio a Godelleta y Tur\u00eds, llegando ambos itinerarios hasta los municipios de Y\u00e1tova, Alborache y Macastre.<\/p>\n<p>De este modo, se generar\u00e1 una nueva matriz de tr\u00e1ficos y unas nuevas l\u00edneas de transporte regular que atender\u00e1n m\u00e1s eficazmente todas las necesidades de movilidad de la poblaci\u00f3n de este \u00e1mbito, que presentan una dependencia funcional tanto con Manises (Hospital de referencia) como con Val\u00e8ncia.<\/p>\n<p>En ese sentido, la mayor\u00eda de rutas tienen como destino final la estaci\u00f3n de autobuses de Valencia, previo paso por la parada de metro de \u00c1ngel Guimer\u00e1, donde los pasajeros podr\u00e1n trasbordar a Metrovalencia. Adem\u00e1s se reforzar\u00e1 la conexi\u00f3n con los principales centros de atracci\u00f3n de la zona como El Hospital de Manises y el Centro de especialidades de Aldaia y Bu\u00f1ol, el complejo educativo de Cheste y las estaciones de RENFE Cercan\u00edas en Bu\u00f1ol, Chiva y Cheste.<\/p>\n<p>Con respecto a la situaci\u00f3n actual, cabe destacar que todos los municipios estar\u00e1n conectados directamente con el Hospital de Manises y el Centro de especialidades de Aldaia de lunes a viernes mediante 4 expediciones de ida y vuelta adicionales a las expediciones con destino a Val\u00e8ncia. De igual manera, se mejora la interconexi\u00f3n interna de los municipios de la comarca, as\u00ed como el acceso al nuevo centro de especialidades de Bu\u00f1ol y se incluye la oferta de servicio directo a la Playa de la Malvarrosa, con 1 expedici\u00f3n de ida y vuelta tres d\u00edas por semana en los meses de julio y agosto.<\/p>\n<p>En concreto, los municipios de Y\u00e1tova, Macastre, Alborache, Chiva y Bu\u00f1ol pasan de tener once expediciones de ida y vuelta con destino Val\u00e8ncia a trece expediciones de ida y vuelta de lunes a viernes laborables, manteniendo los servicios los s\u00e1bados con seis expediciones de ida y vuelta y los domingos y festivos con cuatro expediciones por sentido. Tur\u00eds y Godelleta pasan de ocho expediciones ida y vuelta con destino Valencia a nueve expediciones de ida y vuelta en d\u00edas laborables. Adem\u00e1s de las expediciones al Hospital de Manises y CE de Aldaia, contar\u00e1n con 1 expedici\u00f3n de ida y vuelta diaria al CE de Bu\u00f1ol.<\/p>\n<p>Por su lado, Cheste pasa de siete expediciones de ida y seis de vuelta con destino Val\u00e8ncia a nueve expediciones de ida y vuelta en d\u00edas laborables y Cortes de Pall\u00e1s, que actualmente no dispone de servicio p\u00fablico, pasa a tener una expedici\u00f3n de ida y vuelta a la demanda de lunes a viernes laborables.<\/p>\n<p>Todos los veh\u00edculos adscritos al contrato cumplir\u00e1n con la directiva europea de accesibilidad y dem\u00e1s caracter\u00edsticas establecidas en la ley de Accesibilidad Universal al Sistema de Transportes de la Comunitat Valenciana; deber\u00e1n estar homologados y cumplir con la normativa vigente en el momento de su adscripci\u00f3n. Asimismo, los veh\u00edculos estar\u00e1n equipados con un moderno Sistema de Ayuda a la Explotaci\u00f3n (SAE), basado en sistemas de localizaci\u00f3n geoposicionada por sat\u00e9lite, y comunicaciones de datos de \u00faltima generaci\u00f3n, que proporcionar\u00e1 en tiempo real la informaci\u00f3n requerida por la Direcci\u00f3 General d&#8217;Obres P\u00fabliques, Transport i Mobilitat.<\/p>\n<p>Una vez aprobado definitivamente el proyecto se someter\u00e1 a licitaci\u00f3n para otorgar el servicio a la empresa que presente la mejor oferta. El plazo del contrato ser\u00e1 de diez a\u00f1os y supondr\u00e1 una aportaci\u00f3n econ\u00f3mica para la Generalitat de 738.600 euros anuales.<\/p>\n","protected":false},"excerpt":{"rendered":"<div class=\"mh-excerpt\">La Conselleria de Vivienda, Obras P\u00fablicas y Vertebraci\u00f3n del Territorio ha aprobado el nuevo proyecto de servicio p\u00fablico de transporte de viajeros CV-107 La Hoya de Bu\u00f1ol-Val\u00e8ncia despu\u00e9s del proceso de informaci\u00f3n p\u00fablica donde han <a class=\"mh-excerpt-more\" href=\"https:\/\/www.tucomarca.com\/wordpress\/segunda\/la-generalitat-aprueba-el-nuevo-proyecto-de-transporte-en-autobus-que-mejora-la-oferta-y-el-servicio-entre-la-hoya-de-bunol-chiva-y-valencia\/\" title=\"La Generalitat aprueba el nuevo proyecto de transporte en autob\u00fas que mejora la oferta y el servicio entre La Hoya de Bu\u00f1ol-Chiva y Val\u00e8ncia\">[+] <\/a><\/div>\n","protected":false},"author":1,"featured_media":86456,"comment_status":"open","ping_status":"open","sticky":false,"template":"","format":"standard","meta":{"footnotes":""},"categories":[19,18,17,16,14,128,8,72,10,42,13,142,3,43,45,11],"tags":[11110,5952],"class_list":{"0":"post-86455","1":"post","2":"type-post","3":"status-publish","4":"format-standard","5":"has-post-thumbnail","7":"category-alborache","8":"category-bunol","9":"category-cheste","10":"category-chiva","11":"category-godelleta","12":"category-infraestructuras","13":"category-la-comarca","14":"category-sin-categorizar","15":"category-la-hoya","16":"category-la-ribera","17":"category-macastre","18":"category-politica-la-comarca","19":"category-seccion","20":"category-turis","21":"category-ventana","22":"category-yatova","23":"tag-la-foia-de-bunyol-xiva-2","24":"tag-la-hoya-de-bunol-chiva"},"_links":{"self":[{"href":"https:\/\/www.tucomarca.com\/wordpress\/segunda\/wp-json\/wp\/v2\/posts\/86455","targetHints":{"allow":["GET"]}}],"collection":[{"href":"https:\/\/www.tucomarca.com\/wordpress\/segunda\/wp-json\/wp\/v2\/posts"}],"about":[{"href":"https:\/\/www.tucomarca.com\/wordpress\/segunda\/wp-json\/wp\/v2\/types\/post"}],"author":[{"embeddable":true,"href":"https:\/\/www.tucomarca.com\/wordpress\/segunda\/wp-json\/wp\/v2\/users\/1"}],"replies":[{"embeddable":true,"href":"https:\/\/www.tucomarca.com\/wordpress\/segunda\/wp-json\/wp\/v2\/comments?post=86455"}],"version-history":[{"count":0,"href":"https:\/\/www.tucomarca.com\/wordpress\/segunda\/wp-json\/wp\/v2\/posts\/86455\/revisions"}],"wp:featuredmedia":[{"embeddable":true,"href":"https:\/\/www.tucomarca.com\/wordpress\/segunda\/wp-json\/wp\/v2\/media\/86456"}],"wp:attachment":[{"href":"https:\/\/www.tucomarca.com\/wordpress\/segunda\/wp-json\/wp\/v2\/media?parent=86455"}],"wp:term":[{"taxonomy":"category","embeddable":true,"href":"https:\/\/www.tucomarca.com\/wordpress\/segunda\/wp-json\/wp\/v2\/categories?post=86455"},{"taxonomy":"post_tag","embeddable":true,"href":"https:\/\/www.tucomarca.com\/wordpress\/segunda\/wp-json\/wp\/v2\/tags?post=86455"}],"curies":[{"name":"wp","href":"https:\/\/api.w.org\/{rel}","templated":true}]}}