{"id":865,"date":"2012-05-07T12:42:04","date_gmt":"2012-05-07T12:42:04","guid":{"rendered":"http:\/\/www.tucomarca.com\/wordpress\/segunda\/?p=865"},"modified":"2012-05-07T12:43:56","modified_gmt":"2012-05-07T12:43:56","slug":"la-plataforma-de-afectados-por-la-hipoteca-de-la-hoya-inicia-una-campana-de-recogida-de-firmas-en-bunol","status":"publish","type":"post","link":"https:\/\/www.tucomarca.com\/wordpress\/segunda\/la-plataforma-de-afectados-por-la-hipoteca-de-la-hoya-inicia-una-campana-de-recogida-de-firmas-en-bunol\/","title":{"rendered":"La Plataforma de Afectados por la Hipoteca de La Hoya inicia una campa\u00f1a de recogida de firmas en Bu\u00f1ol"},"content":{"rendered":"<p>La Plataforma de Afectados por la Hipoteca de la Hoya de Bu\u00f1ol-Chiva informa al pueblo de Bu\u00f1ol que se inicia desde este momento hasta el 31 de octubre de este mismo a\u00f1o, la campa\u00f1a de recogida de firmas que se presentar\u00e1 como INICIATIVA LEGISLATIVA POPULAR (ILP) cuyo objetivo es conseguir que el Congreso de los Diputados apruebe una modificaci\u00f3n de la ley hipotecaria para evitar que esta siga sobreprotegiendo a los bancos y se garantice el derecho a la vivienda en el actual contexto de crisis econ\u00f3mica. Es una iniciativa impulsada por la PLATAFORMA DE AFECTADOS POR LA HIPOTECA (PAH) junto a otras entidades sociales. Para conseguir que se discuta esta medida, <strong>necesitamos recoger m\u00e1s de 500.000 firmas antes del 5 de noviembre de 2012 en todo el territorio estatal<\/strong>.<\/p>\n<p>La ILP propone por una lado la <strong>Daci\u00f3n en pago con efectos retroactivos<\/strong> que supone que con entrega de la propiedad de la vivienda a la entidad financiera, queda saldada la deuda con ella. Con ello se beneficiar\u00eda tambi\u00e9n a aquellas personas a las que ya les han subastado la vivienda y se han quedado con una deuda, siempre y cuando afecta a la residencia habitual. En segundo lugar la ILP tambi\u00e9n recoge la <strong>Paralizaci\u00f3n de los desahucios<\/strong> para garantizar el derecho habitacional cuando los motivos de impago sean ajenos a la propia voluntad y cuando se trate de la vivienda habitual. Y finalmente tambi\u00e9n propone un <strong>Alquiler social<\/strong> donde el ejecutado tendr\u00e1 derecho a seguir residiendo en la vivienda pagando un alquiler no superior al 30% de sus ingresos mensuales por un periodo m\u00ednimo de 5 a\u00f1os.<\/p>\n<p>En el caso de nuestro pueblo la PAH de la Hoya de Bu\u00f1ol-Chiva junto con la Asamblea Bu\u00f1ol 15-M y los partidos con representaci\u00f3n en el ayuntamiento acaban de formar una comisi\u00f3n que ya est\u00e1 trabajando, entre otras cosas en la campa\u00f1a de recogida de firmas. Esta se realizar\u00e1 en los siguientes espacios a partir del pr\u00f3ximo viernes 11 de mayo:<\/p>\n<ul>\n<li>Todos los viernes contaremos con un puesto de recogida de firmas y de informaci\u00f3n de la ILP en el mercado municipal de 10h a 14h.<\/li>\n<li>Los primeros domingos de cada mes estaremos tambi\u00e9n en el Mercadillo \u201cVive el castillo de Bu\u00f1ol\u201d recogiendo firmas e informando sobre los objetivos de la ILP.<\/li>\n<li>Y finalmente tambi\u00e9n estaremos presentes en la feria del comercio durante el fin de semana del 11 al 13 de mayo en el parque del Planell.<\/li>\n<\/ul>\n<p>Adem\u00e1s intentaremos estar en otros espacios visibles de nuestro pueblo para que toda la ciudadan\u00eda pueda participar de esta iniciativa. Esperamos que el pueblo de Bu\u00f1ol responda como se merece a esta campa\u00f1a, que sin duda creemos ayudar\u00e1 a superar las terribles situaciones a las que se enfrentan diariamente\u00a0 aquellas personas que, de una manera u otra est\u00e1n afectadas por la problem\u00e1tica de la vivienda permitiendo a su vez, un mayor y mejor acceso a esta a las futuras generaciones<\/p>\n","protected":false},"excerpt":{"rendered":"<div class=\"mh-excerpt\">La Plataforma de Afectados por la Hipoteca de la Hoya de Bu\u00f1ol-Chiva informa al pueblo de Bu\u00f1ol que se inicia desde este momento hasta el 31 de octubre de este mismo a\u00f1o, la campa\u00f1a de <a class=\"mh-excerpt-more\" href=\"https:\/\/www.tucomarca.com\/wordpress\/segunda\/la-plataforma-de-afectados-por-la-hipoteca-de-la-hoya-inicia-una-campana-de-recogida-de-firmas-en-bunol\/\" title=\"La Plataforma de Afectados por la Hipoteca de La Hoya inicia una campa\u00f1a de recogida de firmas en Bu\u00f1ol\">[+] <\/a><\/div>\n","protected":false},"author":2,"featured_media":0,"comment_status":"open","ping_status":"open","sticky":false,"template":"","format":"standard","meta":{"footnotes":""},"categories":[18,8,10,3],"tags":[94],"class_list":{"0":"post-865","1":"post","2":"type-post","3":"status-publish","4":"format-standard","6":"category-bunol","7":"category-la-comarca","8":"category-la-hoya","9":"category-seccion","10":"tag-desahucios"},"_links":{"self":[{"href":"https:\/\/www.tucomarca.com\/wordpress\/segunda\/wp-json\/wp\/v2\/posts\/865","targetHints":{"allow":["GET"]}}],"collection":[{"href":"https:\/\/www.tucomarca.com\/wordpress\/segunda\/wp-json\/wp\/v2\/posts"}],"about":[{"href":"https:\/\/www.tucomarca.com\/wordpress\/segunda\/wp-json\/wp\/v2\/types\/post"}],"author":[{"embeddable":true,"href":"https:\/\/www.tucomarca.com\/wordpress\/segunda\/wp-json\/wp\/v2\/users\/2"}],"replies":[{"embeddable":true,"href":"https:\/\/www.tucomarca.com\/wordpress\/segunda\/wp-json\/wp\/v2\/comments?post=865"}],"version-history":[{"count":0,"href":"https:\/\/www.tucomarca.com\/wordpress\/segunda\/wp-json\/wp\/v2\/posts\/865\/revisions"}],"wp:attachment":[{"href":"https:\/\/www.tucomarca.com\/wordpress\/segunda\/wp-json\/wp\/v2\/media?parent=865"}],"wp:term":[{"taxonomy":"category","embeddable":true,"href":"https:\/\/www.tucomarca.com\/wordpress\/segunda\/wp-json\/wp\/v2\/categories?post=865"},{"taxonomy":"post_tag","embeddable":true,"href":"https:\/\/www.tucomarca.com\/wordpress\/segunda\/wp-json\/wp\/v2\/tags?post=865"}],"curies":[{"name":"wp","href":"https:\/\/api.w.org\/{rel}","templated":true}]}}