{"id":8650,"date":"2012-11-06T11:32:06","date_gmt":"2012-11-06T10:32:06","guid":{"rendered":"http:\/\/www.tucomarca.com\/wordpress\/segunda\/?p=8650"},"modified":"2012-11-06T11:32:06","modified_gmt":"2012-11-06T10:32:06","slug":"video-2-300-efectivos-de-seguridad-para-el-gp-de-cheste","status":"publish","type":"post","link":"https:\/\/www.tucomarca.com\/wordpress\/segunda\/video-2-300-efectivos-de-seguridad-para-el-gp-de-cheste\/","title":{"rendered":"V\u00eddeo: 2.300 efectivos de seguridad para el GP de Cheste"},"content":{"rendered":"<p>Un total de 2.300 efectivos velar\u00e1n por la seguridad en el circuito de Cheste durante la pr\u00f3xima edici\u00f3n del Gran Premio de la Comunitat Valenciana que se celebra este fin de semana, del 9 al 11 de noviembre, en\u00a0 Cheste.<\/p>\n","protected":false},"excerpt":{"rendered":"<div class=\"mh-excerpt\">Un total de 2.300 efectivos velar\u00e1n por la seguridad en el circuito de Cheste durante la pr\u00f3xima edici\u00f3n del Gran Premio de la Comunitat Valenciana que se celebra este fin de semana, del 9 al <a class=\"mh-excerpt-more\" href=\"https:\/\/www.tucomarca.com\/wordpress\/segunda\/video-2-300-efectivos-de-seguridad-para-el-gp-de-cheste\/\" title=\"V\u00eddeo: 2.300 efectivos de seguridad para el GP de Cheste\">[+] <\/a><\/div>\n","protected":false},"author":1,"featured_media":0,"comment_status":"open","ping_status":"open","sticky":false,"template":"","format":"standard","meta":{"footnotes":""},"categories":[4,17,6,10,91,3,26],"tags":[],"class_list":{"0":"post-8650","1":"post","2":"type-post","3":"status-publish","4":"format-standard","6":"category-agenda","7":"category-cheste","8":"category-deportes","9":"category-la-hoya","10":"category-motociclismo","11":"category-seccion","12":"category-video"},"_links":{"self":[{"href":"https:\/\/www.tucomarca.com\/wordpress\/segunda\/wp-json\/wp\/v2\/posts\/8650","targetHints":{"allow":["GET"]}}],"collection":[{"href":"https:\/\/www.tucomarca.com\/wordpress\/segunda\/wp-json\/wp\/v2\/posts"}],"about":[{"href":"https:\/\/www.tucomarca.com\/wordpress\/segunda\/wp-json\/wp\/v2\/types\/post"}],"author":[{"embeddable":true,"href":"https:\/\/www.tucomarca.com\/wordpress\/segunda\/wp-json\/wp\/v2\/users\/1"}],"replies":[{"embeddable":true,"href":"https:\/\/www.tucomarca.com\/wordpress\/segunda\/wp-json\/wp\/v2\/comments?post=8650"}],"version-history":[{"count":0,"href":"https:\/\/www.tucomarca.com\/wordpress\/segunda\/wp-json\/wp\/v2\/posts\/8650\/revisions"}],"wp:attachment":[{"href":"https:\/\/www.tucomarca.com\/wordpress\/segunda\/wp-json\/wp\/v2\/media?parent=8650"}],"wp:term":[{"taxonomy":"category","embeddable":true,"href":"https:\/\/www.tucomarca.com\/wordpress\/segunda\/wp-json\/wp\/v2\/categories?post=8650"},{"taxonomy":"post_tag","embeddable":true,"href":"https:\/\/www.tucomarca.com\/wordpress\/segunda\/wp-json\/wp\/v2\/tags?post=8650"}],"curies":[{"name":"wp","href":"https:\/\/api.w.org\/{rel}","templated":true}]}}