{"id":86520,"date":"2019-05-21T13:45:17","date_gmt":"2019-05-21T11:45:17","guid":{"rendered":"http:\/\/www.tucomarca.com\/wordpress\/segunda\/?p=86520"},"modified":"2019-05-21T13:45:17","modified_gmt":"2019-05-21T11:45:17","slug":"bunol-reclama-a-la-secretaria-autonomica-de-economia-ayuda-economica-y-apoyo-publico-para-el-desarrollo-industrial-del-municipio","status":"publish","type":"post","link":"https:\/\/www.tucomarca.com\/wordpress\/segunda\/bunol-reclama-a-la-secretaria-autonomica-de-economia-ayuda-economica-y-apoyo-publico-para-el-desarrollo-industrial-del-municipio\/","title":{"rendered":"Bu\u00f1ol reclama a la Secretaria Auton\u00f3mica de Econom\u00eda \u00abayuda econ\u00f3mica y apoyo p\u00fablico para el desarrollo industrial del municipio\u00bb"},"content":{"rendered":"<figure id=\"attachment_86521\" aria-describedby=\"caption-attachment-86521\" style=\"width: 389px\" class=\"wp-caption alignleft\"><img loading=\"lazy\" decoding=\"async\" class=\" wp-image-86521\" src=\"https:\/\/www.tucomarca.com\/wordpress\/segunda\/wp-content\/uploads\/2019\/05\/image1-1.jpeg\" alt=\"De izquierda a derecha: Mario Al\u00eds, Juncal Carrascosa, Paco Galarza, Blanca Mar\u00edn, Manuel Sierra, Luis Ramiro y Iovanna Espert.\" width=\"389\" height=\"292\" srcset=\"https:\/\/www.tucomarca.com\/wordpress\/segunda\/wp-content\/uploads\/2019\/05\/image1-1.jpeg 1024w, https:\/\/www.tucomarca.com\/wordpress\/segunda\/wp-content\/uploads\/2019\/05\/image1-1-300x225.jpeg 300w, https:\/\/www.tucomarca.com\/wordpress\/segunda\/wp-content\/uploads\/2019\/05\/image1-1-768x576.jpeg 768w\" sizes=\"auto, (max-width: 389px) 100vw, 389px\" \/><figcaption id=\"caption-attachment-86521\" class=\"wp-caption-text\">De izquierda a derecha: Mario Al\u00eds, Juncal Carrascosa, Paco Galarza, Blanca Mar\u00edn, Manuel Sierra, Luis Ramiro y Iovanna Espert.<\/figcaption><\/figure>\n<p>La alcaldesa de Bu\u00f1ol, Juncal Carrascosa, junto con miembros de la Asociaci\u00f3n de Empresarios y Aut\u00f3nomos de Bu\u00f1ol y de la Plataforma C\u00edvica para el Desarrollo Industrial de Bu\u00f1ol, se han reunido\u00a0con la Secretaria Auton\u00f3mica de Econom\u00eda Sostenible, Sectores Productivos y Comercio, Blanca Mar\u00edn, \u00abcon dos objetivos claros: exigir ayuda p\u00fablica para el desarrollo del nuevo pol\u00edgono industrial de Bu\u00f1ol; y recabar apoyos y asesoramiento p\u00fablico para impulsar el desarrollo industrial en Bu\u00f1ol\u00bb, como han informado fuentes municipales.<\/p>\n<p>\u00abAmbas partes se emplazaron para nuevas reuniones despu\u00e9s de que ambos gobiernos, el de la Comunidad y el local, se hayan formado. El siguiente paso ser\u00e1 una reuni\u00f3n con los responsables del SEPES (Entidad P\u00fablica Empresarial de Suelo), organismo dependiente del Ministerio de Fomento\u00bb, han a\u00f1adido.<span class=\"Apple-converted-space\">\u00a0<\/span><\/p>\n<p>En la reuni\u00f3n con Blanca Mar\u00edn han participado Mario Al\u00eds (Presidente de la Plataforma y miembro del \u00e1rea de empresas de la Asociaci\u00f3n de Empresarios y Aut\u00f3nomos de Bu\u00f1ol);\u00a0Juncal Carrascosa (Alcaldesa de Bu\u00f1ol);\u00a0Paco Galarza (Presidente de la Federaci\u00f3n de Asociaciones Comarcal de Empresarios de la Hoya);\u00a0Manuel Serra (Teniente de Alcalde del Ayuntamiento de Bu\u00f1ol);\u00a0Luis Ramiro (Vicepresidente de la Asociaci\u00f3n de Empresarios y Aut\u00f3nomos de Bu\u00f1ol);\u00a0y Iovanna Espert (\u00e1rea de industria de la Asociaci\u00f3n de Empresarios y Aut\u00f3nomos de Bu\u00f1ol).<\/p>\n","protected":false},"excerpt":{"rendered":"<div class=\"mh-excerpt\">La alcaldesa de Bu\u00f1ol, Juncal Carrascosa, junto con miembros de la Asociaci\u00f3n de Empresarios y Aut\u00f3nomos de Bu\u00f1ol y de la Plataforma C\u00edvica para el Desarrollo Industrial de Bu\u00f1ol, se han reunido\u00a0con la Secretaria Auton\u00f3mica <a class=\"mh-excerpt-more\" href=\"https:\/\/www.tucomarca.com\/wordpress\/segunda\/bunol-reclama-a-la-secretaria-autonomica-de-economia-ayuda-economica-y-apoyo-publico-para-el-desarrollo-industrial-del-municipio\/\" title=\"Bu\u00f1ol reclama a la Secretaria Auton\u00f3mica de Econom\u00eda \u00abayuda econ\u00f3mica y apoyo p\u00fablico para el desarrollo industrial del municipio\u00bb\">[+] <\/a><\/div>\n","protected":false},"author":2,"featured_media":86521,"comment_status":"open","ping_status":"open","sticky":false,"template":"","format":"standard","meta":{"footnotes":""},"categories":[18,128,8,10,142,3],"tags":[11674,10385],"class_list":{"0":"post-86520","1":"post","2":"type-post","3":"status-publish","4":"format-standard","5":"has-post-thumbnail","7":"category-bunol","8":"category-infraestructuras","9":"category-la-comarca","10":"category-la-hoya","11":"category-politica-la-comarca","12":"category-seccion","13":"tag-asociacion-de-empresarios-y-autonomos-de-bunol","14":"tag-bunol"},"_links":{"self":[{"href":"https:\/\/www.tucomarca.com\/wordpress\/segunda\/wp-json\/wp\/v2\/posts\/86520","targetHints":{"allow":["GET"]}}],"collection":[{"href":"https:\/\/www.tucomarca.com\/wordpress\/segunda\/wp-json\/wp\/v2\/posts"}],"about":[{"href":"https:\/\/www.tucomarca.com\/wordpress\/segunda\/wp-json\/wp\/v2\/types\/post"}],"author":[{"embeddable":true,"href":"https:\/\/www.tucomarca.com\/wordpress\/segunda\/wp-json\/wp\/v2\/users\/2"}],"replies":[{"embeddable":true,"href":"https:\/\/www.tucomarca.com\/wordpress\/segunda\/wp-json\/wp\/v2\/comments?post=86520"}],"version-history":[{"count":0,"href":"https:\/\/www.tucomarca.com\/wordpress\/segunda\/wp-json\/wp\/v2\/posts\/86520\/revisions"}],"wp:featuredmedia":[{"embeddable":true,"href":"https:\/\/www.tucomarca.com\/wordpress\/segunda\/wp-json\/wp\/v2\/media\/86521"}],"wp:attachment":[{"href":"https:\/\/www.tucomarca.com\/wordpress\/segunda\/wp-json\/wp\/v2\/media?parent=86520"}],"wp:term":[{"taxonomy":"category","embeddable":true,"href":"https:\/\/www.tucomarca.com\/wordpress\/segunda\/wp-json\/wp\/v2\/categories?post=86520"},{"taxonomy":"post_tag","embeddable":true,"href":"https:\/\/www.tucomarca.com\/wordpress\/segunda\/wp-json\/wp\/v2\/tags?post=86520"}],"curies":[{"name":"wp","href":"https:\/\/api.w.org\/{rel}","templated":true}]}}