{"id":8657,"date":"2012-11-06T21:17:31","date_gmt":"2012-11-06T20:17:31","guid":{"rendered":"http:\/\/www.tucomarca.com\/wordpress\/segunda\/?p=8657"},"modified":"2012-11-06T21:17:31","modified_gmt":"2012-11-06T20:17:31","slug":"haro-presenta-en-villanueva-de-castellon-la-comercializacion-del-%c2%abwifi%c2%bb-provincial","status":"publish","type":"post","link":"https:\/\/www.tucomarca.com\/wordpress\/segunda\/haro-presenta-en-villanueva-de-castellon-la-comercializacion-del-%c2%abwifi%c2%bb-provincial\/","title":{"rendered":"Haro presenta en Villanueva de Castell\u00f3n la comercializaci\u00f3n del \u00abwifi\u00bb provincial"},"content":{"rendered":"<figure id=\"attachment_8658\" aria-describedby=\"caption-attachment-8658\" style=\"width: 300px\" class=\"wp-caption alignleft\"><a href=\"https:\/\/www.tucomarca.com\/wordpress\/segunda\/wp-content\/uploads\/2012\/11\/Haro.jpg\"><img loading=\"lazy\" decoding=\"async\" class=\"size-medium wp-image-8658\" title=\"OLYMPUS DIGITAL CAMERA\" src=\"https:\/\/www.tucomarca.com\/wordpress\/segunda\/wp-content\/uploads\/2012\/11\/Haro-300x225.jpg\" alt=\"Los diputados de Deportes y de Modernizaci\u00f3n durante la presentaci\u00f3n.\" width=\"300\" height=\"225\" srcset=\"https:\/\/www.tucomarca.com\/wordpress\/segunda\/wp-content\/uploads\/2012\/11\/Haro-300x225.jpg 300w, https:\/\/www.tucomarca.com\/wordpress\/segunda\/wp-content\/uploads\/2012\/11\/Haro-1024x768.jpg 1024w, https:\/\/www.tucomarca.com\/wordpress\/segunda\/wp-content\/uploads\/2012\/11\/Haro.jpg 2048w\" sizes=\"auto, (max-width: 300px) 100vw, 300px\" \/><\/a><figcaption id=\"caption-attachment-8658\" class=\"wp-caption-text\">Los diputados de Deportes y de Modernizaci\u00f3n durante la presentaci\u00f3n.<\/figcaption><\/figure>\n<p>El alcade de Chiva y diputado provincial de Modernizaci\u00f3n, Jos\u00e9 Manuel Haro, ha  presentado este martes en el Ayuntamiento de Villanueva de Castell\u00f3n, las  caracter\u00edsticas de la implantaci\u00f3n en la localidad y su comercializaci\u00f3n  de la red \u201cwifi\u201d impulsada por la Diputaci\u00f3n de Valencia en la  provincia, junto con el alcalde de Villanueva de Castell\u00f3n, Rafael  Salvador \u00c1lvarez.<\/p>\n<p>Villanueva de Castell\u00f3n ya dispone en todas sus sedes municipales de  la red provincial para el acceso a internet de banda ancha y, a partir  de hoy, la operadora asignada en el programa provincial ofrecer\u00e1 a los  vecinos de la localidad la contrataci\u00f3n del excedente de la misma, desde  9,90 euros al mes.<\/p>\n<p>Jos\u00e9 Manuel Haro ha explicado que Villanueva de Castell\u00f3n es uno de los primeros  170 municipios valencianos que disfrutan de una red inal\u00e1mbrica de  acceso a internet de banda ancha wifi-wimax, de m\u00e1xima calidad, gracias  al proyecto \u2018Sona Wifi\u2019, que \u201cdar\u00e1 cobertura a un total de 1,7 millones  de valencianos y a los 500 kil\u00f3metros de superficie que tiene la  provincia\u2019\u201d.<\/p>\n<p>\u201cCon este proyecto vamos a llegar a lugares donde las otras  operadoras no han llegado. Cualquier ciudadano que quiera banda ancha va  a poder obtenerla est\u00e9 donde est\u00e9\u201d ha destacado.<\/p>\n<p>La red provincial \u201cSona Wifi\u201d permitir\u00e1 a todos los vecinos del  t\u00e9rmino municipal de Villanueva de Castell\u00f3n disfrutar de la cobertura  inal\u00e1mbrica, puesto que cubre el n\u00facleo urbano y las casas m\u00e1s alejadas.<\/p>\n<p>Por su parte, el alcalde de Villanueva de Castell\u00f3n, Salvador  \u00c1lvarez, ha agradecido a la Diputaci\u00f3n de Valencia su dedicaci\u00f3n con el  plan \u201cSona Wifi\u201d. \u201cSoy consciente de que la Diputaci\u00f3n ha peleado mucho  por este proyecto y para que Sona Wifi sea viable. Estoy muy agradecido\u201d  ha comentado.<\/p>\n<p><strong>Fases de instalaci\u00f3n<\/strong><\/p>\n<p>\u2018Sona Wifi\u2019 es uno de los programas estrella de la Diputaci\u00f3n de  Valencia, enmarcado en los proyectos \u2018Sona la Dipu\u2019, y supone una  inversi\u00f3n desde 2010 y hasta 2014, cuando termine la ejecuci\u00f3n del  proyecto, de 14 millones de euros.<\/p>\n<p>La red \u201cwifi\u201d, hasta llegar a la fase de comercializaci\u00f3n con los  ciudadanos, se instala previamente en los consistorios en r\u00e9gimen de  autoprestaci\u00f3n de servicios, que permite la interconexi\u00f3n de todos los  edificios municipales entre s\u00ed y de \u00e9stos con \u00a0el Centro de Proceso de  Datos de la Diputaci\u00f3n.<\/p>\n<p>La cobertura de autoprestaci\u00f3n supone para los consistorios un  importante ahorro de costes y la mejora de los servicios p\u00fablicos, pues  adem\u00e1s de la conexi\u00f3n de sedes municipales, les facilita el acceso a las  aplicaciones inform\u00e1ticas desarrolladas por la Diputaci\u00f3n, la  posibilidad de compartir datos con otros municipios de la provincia y el  desarrollo de servicios municipales avanzados relacionados con la  videovigilancia, los servicios de emergencia, la gesti\u00f3n inteligente del  tr\u00e1fico local, la promoci\u00f3n tur\u00edstica y la movilidad de empleados,  entre otros.<\/p>\n<p>Los particulares, por otra parte, podr\u00e1n acceder a internet de banda  ancha v\u00eda wifi independientemente de su lugar de residencia, puesto que  la operadora Eurona tambi\u00e9n ofrece la conectividad v\u00eda sat\u00e9lite, para  aquellos hogares a los que, a pesar de todo, no llega la cobertura por  ninguna otra v\u00eda.<\/p>\n<p>\u201cPor tanto, es una iniciativa que ofrece ventajas tanto para los  ayuntamientos como para los ciudadanos\u201d, ha insistido el responsable  provincial.<\/p>\n","protected":false},"excerpt":{"rendered":"<div class=\"mh-excerpt\">El alcade de Chiva y diputado provincial de Modernizaci\u00f3n, Jos\u00e9 Manuel Haro, ha presentado este martes en el Ayuntamiento de Villanueva de Castell\u00f3n, las caracter\u00edsticas de la implantaci\u00f3n en la localidad y su comercializaci\u00f3n de <a class=\"mh-excerpt-more\" href=\"https:\/\/www.tucomarca.com\/wordpress\/segunda\/haro-presenta-en-villanueva-de-castellon-la-comercializacion-del-%c2%abwifi%c2%bb-provincial\/\" title=\"Haro presenta en Villanueva de Castell\u00f3n la comercializaci\u00f3n del \u00abwifi\u00bb provincial\">[+] <\/a><\/div>\n","protected":false},"author":1,"featured_media":8658,"comment_status":"open","ping_status":"open","sticky":false,"template":"","format":"standard","meta":{"footnotes":""},"categories":[16,128,8,10,42,3,45,163],"tags":[],"class_list":{"0":"post-8657","1":"post","2":"type-post","3":"status-publish","4":"format-standard","5":"has-post-thumbnail","7":"category-chiva","8":"category-infraestructuras","9":"category-la-comarca","10":"category-la-hoya","11":"category-la-ribera","12":"category-seccion","13":"category-ventana","14":"category-villanueva-de-castellon"},"_links":{"self":[{"href":"https:\/\/www.tucomarca.com\/wordpress\/segunda\/wp-json\/wp\/v2\/posts\/8657","targetHints":{"allow":["GET"]}}],"collection":[{"href":"https:\/\/www.tucomarca.com\/wordpress\/segunda\/wp-json\/wp\/v2\/posts"}],"about":[{"href":"https:\/\/www.tucomarca.com\/wordpress\/segunda\/wp-json\/wp\/v2\/types\/post"}],"author":[{"embeddable":true,"href":"https:\/\/www.tucomarca.com\/wordpress\/segunda\/wp-json\/wp\/v2\/users\/1"}],"replies":[{"embeddable":true,"href":"https:\/\/www.tucomarca.com\/wordpress\/segunda\/wp-json\/wp\/v2\/comments?post=8657"}],"version-history":[{"count":0,"href":"https:\/\/www.tucomarca.com\/wordpress\/segunda\/wp-json\/wp\/v2\/posts\/8657\/revisions"}],"wp:featuredmedia":[{"embeddable":true,"href":"https:\/\/www.tucomarca.com\/wordpress\/segunda\/wp-json\/wp\/v2\/media\/8658"}],"wp:attachment":[{"href":"https:\/\/www.tucomarca.com\/wordpress\/segunda\/wp-json\/wp\/v2\/media?parent=8657"}],"wp:term":[{"taxonomy":"category","embeddable":true,"href":"https:\/\/www.tucomarca.com\/wordpress\/segunda\/wp-json\/wp\/v2\/categories?post=8657"},{"taxonomy":"post_tag","embeddable":true,"href":"https:\/\/www.tucomarca.com\/wordpress\/segunda\/wp-json\/wp\/v2\/tags?post=8657"}],"curies":[{"name":"wp","href":"https:\/\/api.w.org\/{rel}","templated":true}]}}