{"id":8664,"date":"2012-11-06T21:15:56","date_gmt":"2012-11-06T20:15:56","guid":{"rendered":"http:\/\/www.tucomarca.com\/wordpress\/segunda\/?p=8664"},"modified":"2012-11-06T21:15:56","modified_gmt":"2012-11-06T20:15:56","slug":"fecemac-cv-califica-de-%c2%abbrutal%c2%bb-el-recorte-aplicado-a-los-conservatorios-en-la-comunitat","status":"publish","type":"post","link":"https:\/\/www.tucomarca.com\/wordpress\/segunda\/fecemac-cv-califica-de-%c2%abbrutal%c2%bb-el-recorte-aplicado-a-los-conservatorios-en-la-comunitat\/","title":{"rendered":"Fecemac-CV califica de \u00abbrutal\u00bb el recorte aplicado a los conservatorios en la Comunitat"},"content":{"rendered":"<p>La Federaci\u00f3n de Centros de M\u00fasica Autorizados y Conservatorios de la Comunidad Valenciana (Fecemac-CV) ha calilfiado de \u00abbrutal\u00bb el recorte \u00abaplicado por la Consellera de Cultura, M\u00aa Jos\u00e9 Catal\u00e0, a la financiaci\u00f3n de centros de m\u00fasica y conservatorios municipales en 2013, tras tres tijeretazos en 2010, 2011 y 2012\u00bb.<\/p>\n<p>Seg\u00fan las mismas fuentes, la financiaci\u00f3n de estos centros sin \u00e1nimo de lucro \u00abha pasado de 5,1 millones en 2009 a 2,35 en 2010 (-54%), 2,31 en 2011 (-55%),\u00a0 3,4 en 2012 (-34%) y a 1,4 en 2013 (-73%) lo que supone un desfase acumulado de 11 millones\u00bb.<\/p>\n<p>Lute Fern\u00e1ndez, el presidente de Fecemac-CV, ha asegurado que \u00abesto supone un hachazo m\u00e1s al sistema educativo musical de la Comunidad Valenciana en su nivel intermedio que sigue sin cobrar 2010 y 2011\u00bb.<\/p>\n<p>Fecemac-CV ha anunciado su intenci\u00f3n de solicitar una reuni\u00f3n a Catal\u00e0 \u00abpara que reconsidere esta financiaci\u00f3n que supondr\u00e1 el colapso econ\u00f3mico y educativo de 62 centros educativos con 1.200 trabajadores y 10.000 alumnos de 62 centros educativos con 1.200 trabajadores y 10.000 alumnos\u00bb.<\/p>\n","protected":false},"excerpt":{"rendered":"<div class=\"mh-excerpt\">La Federaci\u00f3n de Centros de M\u00fasica Autorizados y Conservatorios de la Comunidad Valenciana (Fecemac-CV) ha calilfiado de \u00abbrutal\u00bb el recorte \u00abaplicado por la Consellera de Cultura, M\u00aa Jos\u00e9 Catal\u00e0, a la financiaci\u00f3n de centros de <a class=\"mh-excerpt-more\" href=\"https:\/\/www.tucomarca.com\/wordpress\/segunda\/fecemac-cv-califica-de-%c2%abbrutal%c2%bb-el-recorte-aplicado-a-los-conservatorios-en-la-comunitat\/\" title=\"Fecemac-CV califica de \u00abbrutal\u00bb el recorte aplicado a los conservatorios en la Comunitat\">[+] <\/a><\/div>\n","protected":false},"author":1,"featured_media":0,"comment_status":"open","ping_status":"open","sticky":false,"template":"","format":"standard","meta":{"footnotes":""},"categories":[128,8,72,3],"tags":[],"class_list":{"0":"post-8664","1":"post","2":"type-post","3":"status-publish","4":"format-standard","6":"category-infraestructuras","7":"category-la-comarca","8":"category-sin-categorizar","9":"category-seccion"},"_links":{"self":[{"href":"https:\/\/www.tucomarca.com\/wordpress\/segunda\/wp-json\/wp\/v2\/posts\/8664","targetHints":{"allow":["GET"]}}],"collection":[{"href":"https:\/\/www.tucomarca.com\/wordpress\/segunda\/wp-json\/wp\/v2\/posts"}],"about":[{"href":"https:\/\/www.tucomarca.com\/wordpress\/segunda\/wp-json\/wp\/v2\/types\/post"}],"author":[{"embeddable":true,"href":"https:\/\/www.tucomarca.com\/wordpress\/segunda\/wp-json\/wp\/v2\/users\/1"}],"replies":[{"embeddable":true,"href":"https:\/\/www.tucomarca.com\/wordpress\/segunda\/wp-json\/wp\/v2\/comments?post=8664"}],"version-history":[{"count":0,"href":"https:\/\/www.tucomarca.com\/wordpress\/segunda\/wp-json\/wp\/v2\/posts\/8664\/revisions"}],"wp:attachment":[{"href":"https:\/\/www.tucomarca.com\/wordpress\/segunda\/wp-json\/wp\/v2\/media?parent=8664"}],"wp:term":[{"taxonomy":"category","embeddable":true,"href":"https:\/\/www.tucomarca.com\/wordpress\/segunda\/wp-json\/wp\/v2\/categories?post=8664"},{"taxonomy":"post_tag","embeddable":true,"href":"https:\/\/www.tucomarca.com\/wordpress\/segunda\/wp-json\/wp\/v2\/tags?post=8664"}],"curies":[{"name":"wp","href":"https:\/\/api.w.org\/{rel}","templated":true}]}}