{"id":8675,"date":"2012-11-07T14:50:37","date_gmt":"2012-11-07T13:50:37","guid":{"rendered":"http:\/\/www.tucomarca.com\/wordpress\/segunda\/?p=8675"},"modified":"2012-11-07T14:50:37","modified_gmt":"2012-11-07T13:50:37","slug":"la-pobla-de-vallbona-acoge-un-curso-de-lenguaje-de-signos","status":"publish","type":"post","link":"https:\/\/www.tucomarca.com\/wordpress\/segunda\/la-pobla-de-vallbona-acoge-un-curso-de-lenguaje-de-signos\/","title":{"rendered":"La Pobla de Vallbona acoge un curso de lenguaje de signos"},"content":{"rendered":"<p>La Asociaci\u00f3n de Discapacitados de la Pobla de Vallbona (ASDISP), en colaboraci\u00f3n con el Ayuntamiento, ha promovido un curso de lenguaje de signos en la localidad. Se est\u00e1 celebrando desde el 30 de octubre, y finalizar\u00e1 el pr\u00f3ximo 5 de diciembre. El curso se imparte en el Centro de la Discapacidad de la Pobla, y est\u00e1 impulsado por la Federaci\u00f3n de Personas Sordas de la Comunidad Valenciana.<\/p>\n<p>Bajo el t\u00edtulo \u2018Lengua de los signos- iniciaci\u00f3n\u2019, este curso de formaci\u00f3n consta de 30 horas. Est\u00e1 dirigido a todas aquellas personas interesadas en la atenci\u00f3n a las personas sordas y sordomudas, en este lenguaje y en la comunicaci\u00f3n en general, y en la gente interesada por el mundo de las discapacidades.<\/p>\n<p>La aceptaci\u00f3n de esta primer edici\u00f3n ha llevado a ASDISP ha iniciar las gestiones para realizar nuevas ediciones de este curso y nuevos cursos relacionados para las pr\u00f3ximas fechas.<\/p>\n<p>Este curso se suma a las actividades, iniciativas y programas que se llevan a cabo en el Centro de la Discapacidad de la Pobla de Vallbona, un recinto pionero que ofrece una atenci\u00f3n integral al discapacitado y que cuenta con un Centro de Atenci\u00f3n Temprana.<\/p>\n","protected":false},"excerpt":{"rendered":"<div class=\"mh-excerpt\">La Asociaci\u00f3n de Discapacitados de la Pobla de Vallbona (ASDISP), en colaboraci\u00f3n con el Ayuntamiento, ha promovido un curso de lenguaje de signos en la localidad. Se est\u00e1 celebrando desde el 30 de octubre, y <a class=\"mh-excerpt-more\" href=\"https:\/\/www.tucomarca.com\/wordpress\/segunda\/la-pobla-de-vallbona-acoge-un-curso-de-lenguaje-de-signos\/\" title=\"La Pobla de Vallbona acoge un curso de lenguaje de signos\">[+] <\/a><\/div>\n","protected":false},"author":1,"featured_media":0,"comment_status":"open","ping_status":"open","sticky":false,"template":"","format":"standard","meta":{"footnotes":""},"categories":[46,8,174,3],"tags":[],"class_list":{"0":"post-8675","1":"post","2":"type-post","3":"status-publish","4":"format-standard","6":"category-camp-de-turia","7":"category-la-comarca","8":"category-la-pobla","9":"category-seccion"},"_links":{"self":[{"href":"https:\/\/www.tucomarca.com\/wordpress\/segunda\/wp-json\/wp\/v2\/posts\/8675","targetHints":{"allow":["GET"]}}],"collection":[{"href":"https:\/\/www.tucomarca.com\/wordpress\/segunda\/wp-json\/wp\/v2\/posts"}],"about":[{"href":"https:\/\/www.tucomarca.com\/wordpress\/segunda\/wp-json\/wp\/v2\/types\/post"}],"author":[{"embeddable":true,"href":"https:\/\/www.tucomarca.com\/wordpress\/segunda\/wp-json\/wp\/v2\/users\/1"}],"replies":[{"embeddable":true,"href":"https:\/\/www.tucomarca.com\/wordpress\/segunda\/wp-json\/wp\/v2\/comments?post=8675"}],"version-history":[{"count":0,"href":"https:\/\/www.tucomarca.com\/wordpress\/segunda\/wp-json\/wp\/v2\/posts\/8675\/revisions"}],"wp:attachment":[{"href":"https:\/\/www.tucomarca.com\/wordpress\/segunda\/wp-json\/wp\/v2\/media?parent=8675"}],"wp:term":[{"taxonomy":"category","embeddable":true,"href":"https:\/\/www.tucomarca.com\/wordpress\/segunda\/wp-json\/wp\/v2\/categories?post=8675"},{"taxonomy":"post_tag","embeddable":true,"href":"https:\/\/www.tucomarca.com\/wordpress\/segunda\/wp-json\/wp\/v2\/tags?post=8675"}],"curies":[{"name":"wp","href":"https:\/\/api.w.org\/{rel}","templated":true}]}}