{"id":8678,"date":"2012-11-07T15:01:20","date_gmt":"2012-11-07T14:01:20","guid":{"rendered":"http:\/\/www.tucomarca.com\/wordpress\/segunda\/?p=8678"},"modified":"2012-11-07T15:01:20","modified_gmt":"2012-11-07T14:01:20","slug":"metrovalencia-ofrece-este-fin-de-semana-servicios-especiales-nocturnos-por-el-gp-de-motociclismo","status":"publish","type":"post","link":"https:\/\/www.tucomarca.com\/wordpress\/segunda\/metrovalencia-ofrece-este-fin-de-semana-servicios-especiales-nocturnos-por-el-gp-de-motociclismo\/","title":{"rendered":"Metrovalencia ofrece este fin de semana servicios especiales nocturnos por el GP de Motociclismo"},"content":{"rendered":"<p>Ferrocarrils de la Generalitat Valenciana (FGV)  ofrecer\u00e1 este fin de  semana servicios especiales nocturnos de Metrovalencia desde la estaci\u00f3n  de Bail\u00e9n hasta la de Sant Isidre para todas aquellas personas que  quieran desplazarse hasta el circuito de Cheste, donde se celebra el  Gran Premio que culmina la temporada del Mundial de Motociclismo.<\/p>\n<p>Hay que recordar que, con motivo de las obras de la llegada de  la alta velocidad ferroviaria a Valencia y el futuro soterramiento de  las v\u00edas en la capital, la estaci\u00f3n del Norte de Adif est\u00e1 cortada a la  circulaci\u00f3n ferroviaria para el trazado inicial de la l\u00ednea de Cercan\u00edas  de Renfe con destino a Cheste, por lo que sus movimientos se han  concentrado en Sant Isidre, donde FGV y Renfe complementan sus  servicios.<\/p>\n<p>Para el viernes, FGV facilitar\u00e1 dos desplazamientos a las 22:29  y 23:45 h con unidades que ir\u00e1n directamente sin paradas intermedias  desde Bail\u00e9n hasta Sant Isidre y a las 00:02 h en el sentido inverso.<\/p>\n<p>Para el s\u00e1bado, el servicio nocturno se ampliar\u00e1 durante toda  la noche desde las mismas estaciones coincidiendo con las circulaciones  de Renfe, al objeto de facilitar el masivo desplazamiento que la empresa  nacional prev\u00e9 que existir\u00e1 esta jornada.<br \/>\nEn concreto, habr\u00e1 siete servicios entre las 22:30 y las 7:45 horas  en el sentido Bail\u00e9n-Sant Isidre, cuando ya se podr\u00e1 desplazarse con los  servicios ordinarios del domingo. En el sentido contrario, tambi\u00e9n  habr\u00e1 siete servicios, entre las 00:02 y las 8:19 horas.<\/p>\n<p>FGV anunciar\u00e1 los servicios especiales en los teleindicadores y  megafon\u00eda de las estaciones de Bail\u00e9n y Sant Isidro y aumentar\u00e1 el  personal de seguridad y limpieza para el correcto funcionamiento de los  mismos.<\/p>\n<p>Todos aquellos usuarios que deseen ampliar la informaci\u00f3n de  horarios y frecuencias de este servicio pueden llamar al tel\u00e9fono 900 46  10 46 de Atenci\u00f3n al Cliente de Metrovalencia. Esta informaci\u00f3n tambi\u00e9n  est\u00e1 disponible en la p\u00e1gina web de Metrovalencia  (www.metrovalencia.com).<\/p>\n","protected":false},"excerpt":{"rendered":"<div class=\"mh-excerpt\">Ferrocarrils de la Generalitat Valenciana (FGV) ofrecer\u00e1 este fin de semana servicios especiales nocturnos de Metrovalencia desde la estaci\u00f3n de Bail\u00e9n hasta la de Sant Isidre para todas aquellas personas que quieran desplazarse hasta el <a class=\"mh-excerpt-more\" href=\"https:\/\/www.tucomarca.com\/wordpress\/segunda\/metrovalencia-ofrece-este-fin-de-semana-servicios-especiales-nocturnos-por-el-gp-de-motociclismo\/\" title=\"Metrovalencia ofrece este fin de semana servicios especiales nocturnos por el GP de Motociclismo\">[+] <\/a><\/div>\n","protected":false},"author":1,"featured_media":0,"comment_status":"open","ping_status":"open","sticky":false,"template":"","format":"standard","meta":{"footnotes":""},"categories":[4,17,8,10,3],"tags":[],"class_list":{"0":"post-8678","1":"post","2":"type-post","3":"status-publish","4":"format-standard","6":"category-agenda","7":"category-cheste","8":"category-la-comarca","9":"category-la-hoya","10":"category-seccion"},"_links":{"self":[{"href":"https:\/\/www.tucomarca.com\/wordpress\/segunda\/wp-json\/wp\/v2\/posts\/8678","targetHints":{"allow":["GET"]}}],"collection":[{"href":"https:\/\/www.tucomarca.com\/wordpress\/segunda\/wp-json\/wp\/v2\/posts"}],"about":[{"href":"https:\/\/www.tucomarca.com\/wordpress\/segunda\/wp-json\/wp\/v2\/types\/post"}],"author":[{"embeddable":true,"href":"https:\/\/www.tucomarca.com\/wordpress\/segunda\/wp-json\/wp\/v2\/users\/1"}],"replies":[{"embeddable":true,"href":"https:\/\/www.tucomarca.com\/wordpress\/segunda\/wp-json\/wp\/v2\/comments?post=8678"}],"version-history":[{"count":0,"href":"https:\/\/www.tucomarca.com\/wordpress\/segunda\/wp-json\/wp\/v2\/posts\/8678\/revisions"}],"wp:attachment":[{"href":"https:\/\/www.tucomarca.com\/wordpress\/segunda\/wp-json\/wp\/v2\/media?parent=8678"}],"wp:term":[{"taxonomy":"category","embeddable":true,"href":"https:\/\/www.tucomarca.com\/wordpress\/segunda\/wp-json\/wp\/v2\/categories?post=8678"},{"taxonomy":"post_tag","embeddable":true,"href":"https:\/\/www.tucomarca.com\/wordpress\/segunda\/wp-json\/wp\/v2\/tags?post=8678"}],"curies":[{"name":"wp","href":"https:\/\/api.w.org\/{rel}","templated":true}]}}