{"id":8681,"date":"2012-11-07T17:48:33","date_gmt":"2012-11-07T16:48:33","guid":{"rendered":"http:\/\/www.tucomarca.com\/wordpress\/segunda\/?p=8681"},"modified":"2012-11-07T17:48:33","modified_gmt":"2012-11-07T16:48:33","slug":"chiva-promueve-el-emprendedurismo-con-motivo-del-dia-de-la-persona-emprendedora-de-la-comunitat-valenciana","status":"publish","type":"post","link":"https:\/\/www.tucomarca.com\/wordpress\/segunda\/chiva-promueve-el-emprendedurismo-con-motivo-del-dia-de-la-persona-emprendedora-de-la-comunitat-valenciana\/","title":{"rendered":"Chiva promueve el emprendedurismo con motivo del D\u00eda de la Persona Emprendedora de la Comunitat Valenciana"},"content":{"rendered":"<p>Con motivo de la celebraci\u00f3n del D\u00eda de la Persona emprendedora de la Comunitat Valenciana el pr\u00f3ximo 15 de noviembre, el Ayuntamiento de Chiva quiere sumarse a esta fecha tan destacada con la celebraci\u00f3n de una serie de jornadas dirigidas a promover el esp\u00edritu emprendedor, sobre todo entre los j\u00f3venes.<\/p>\n<p>El consistorio, a trav\u00e9s de la AEDL, pretende motivar particularmente a los j\u00f3venes para que puedan iniciar nuevos proyectos empresariales con los que construir un tejido empresarial fuerte, as\u00ed como animar y facilitar las iniciativas emprendedoras orientadas a la creaci\u00f3n de empresas.<\/p>\n<p>El programa de actividades comenzar\u00e1 el viernes 9 de noviembre con la jornada Idea e+: Jornada \u2018Creatividad emprendedora\u2019 dirigida a eliminar las barreras de creatividad, conocerlas y aprender a superarlas. La jornada tendr\u00e1 lugar en el Aula de Formaci\u00f3n de la Agencia de Desarrollo Econ\u00f3mico, (Avenida Maestro Garc\u00eda Navarro, 1) a las 12 horas<\/p>\n<p>El programa continuar\u00e1 el 14 de noviembre con la presentaci\u00f3n del Club Cede Chiva y seguir\u00e1 con la ponencia \u2018Motivaci\u00f3n para emprendedores\u2019 el 23 de noviembre a las 12 horas en el Sal\u00f3n de Actos del IES Marjana y finalizar\u00e1 con el taller \u2018\u00bfQu\u00e9 profesiones demanda el mercado?\u2019, el 30 de noviembre a las 12 horas en el Aula de Formaci\u00f3n de la Agencia de Desarrollo Econ\u00f3mico, (Avd. Maestro Garc\u00eda Navarro, 1).<\/p>\n","protected":false},"excerpt":{"rendered":"<div class=\"mh-excerpt\">Con motivo de la celebraci\u00f3n del D\u00eda de la Persona emprendedora de la Comunitat Valenciana el pr\u00f3ximo 15 de noviembre, el Ayuntamiento de Chiva quiere sumarse a esta fecha tan destacada con la celebraci\u00f3n de <a class=\"mh-excerpt-more\" href=\"https:\/\/www.tucomarca.com\/wordpress\/segunda\/chiva-promueve-el-emprendedurismo-con-motivo-del-dia-de-la-persona-emprendedora-de-la-comunitat-valenciana\/\" title=\"Chiva promueve el emprendedurismo con motivo del D\u00eda de la Persona Emprendedora de la Comunitat Valenciana\">[+] <\/a><\/div>\n","protected":false},"author":1,"featured_media":0,"comment_status":"open","ping_status":"open","sticky":false,"template":"","format":"standard","meta":{"footnotes":""},"categories":[16,8,10,3],"tags":[],"class_list":{"0":"post-8681","1":"post","2":"type-post","3":"status-publish","4":"format-standard","6":"category-chiva","7":"category-la-comarca","8":"category-la-hoya","9":"category-seccion"},"_links":{"self":[{"href":"https:\/\/www.tucomarca.com\/wordpress\/segunda\/wp-json\/wp\/v2\/posts\/8681","targetHints":{"allow":["GET"]}}],"collection":[{"href":"https:\/\/www.tucomarca.com\/wordpress\/segunda\/wp-json\/wp\/v2\/posts"}],"about":[{"href":"https:\/\/www.tucomarca.com\/wordpress\/segunda\/wp-json\/wp\/v2\/types\/post"}],"author":[{"embeddable":true,"href":"https:\/\/www.tucomarca.com\/wordpress\/segunda\/wp-json\/wp\/v2\/users\/1"}],"replies":[{"embeddable":true,"href":"https:\/\/www.tucomarca.com\/wordpress\/segunda\/wp-json\/wp\/v2\/comments?post=8681"}],"version-history":[{"count":0,"href":"https:\/\/www.tucomarca.com\/wordpress\/segunda\/wp-json\/wp\/v2\/posts\/8681\/revisions"}],"wp:attachment":[{"href":"https:\/\/www.tucomarca.com\/wordpress\/segunda\/wp-json\/wp\/v2\/media?parent=8681"}],"wp:term":[{"taxonomy":"category","embeddable":true,"href":"https:\/\/www.tucomarca.com\/wordpress\/segunda\/wp-json\/wp\/v2\/categories?post=8681"},{"taxonomy":"post_tag","embeddable":true,"href":"https:\/\/www.tucomarca.com\/wordpress\/segunda\/wp-json\/wp\/v2\/tags?post=8681"}],"curies":[{"name":"wp","href":"https:\/\/api.w.org\/{rel}","templated":true}]}}