{"id":86894,"date":"2019-05-27T14:37:19","date_gmt":"2019-05-27T12:37:19","guid":{"rendered":"http:\/\/www.tucomarca.com\/wordpress\/segunda\/?p=86894"},"modified":"2019-05-27T14:37:19","modified_gmt":"2019-05-27T12:37:19","slug":"el-socialista-manuel-civera-retiene-la-alcaldia-en-lliria-aunque-necesitara-pactar-con-compromis","status":"publish","type":"post","link":"https:\/\/www.tucomarca.com\/wordpress\/segunda\/el-socialista-manuel-civera-retiene-la-alcaldia-en-lliria-aunque-necesitara-pactar-con-compromis\/","title":{"rendered":"El socialista Manuel Civera retiene la alcald\u00eda en Ll\u00edria aunque necesitar\u00e1 pactar con Comprom\u00eds"},"content":{"rendered":"<figure id=\"attachment_86895\" aria-describedby=\"caption-attachment-86895\" style=\"width: 257px\" class=\"wp-caption alignleft\"><img loading=\"lazy\" decoding=\"async\" class=\" wp-image-86895\" src=\"https:\/\/www.tucomarca.com\/wordpress\/segunda\/wp-content\/uploads\/2019\/05\/11088762_389046391280805_5447555801437055482_o.jpg\" alt=\"Manuel Civera (PSOE) revalidar\u00eda la alcald\u00eda con la ayuda de Comprom\u00eds.\" width=\"257\" height=\"257\" srcset=\"https:\/\/www.tucomarca.com\/wordpress\/segunda\/wp-content\/uploads\/2019\/05\/11088762_389046391280805_5447555801437055482_o.jpg 1085w, https:\/\/www.tucomarca.com\/wordpress\/segunda\/wp-content\/uploads\/2019\/05\/11088762_389046391280805_5447555801437055482_o-290x290.jpg 290w, https:\/\/www.tucomarca.com\/wordpress\/segunda\/wp-content\/uploads\/2019\/05\/11088762_389046391280805_5447555801437055482_o-300x300.jpg 300w, https:\/\/www.tucomarca.com\/wordpress\/segunda\/wp-content\/uploads\/2019\/05\/11088762_389046391280805_5447555801437055482_o-768x768.jpg 768w, https:\/\/www.tucomarca.com\/wordpress\/segunda\/wp-content\/uploads\/2019\/05\/11088762_389046391280805_5447555801437055482_o-1024x1024.jpg 1024w, https:\/\/www.tucomarca.com\/wordpress\/segunda\/wp-content\/uploads\/2019\/05\/11088762_389046391280805_5447555801437055482_o-50x50.jpg 50w\" sizes=\"auto, (max-width: 257px) 100vw, 257px\" \/><figcaption id=\"caption-attachment-86895\" class=\"wp-caption-text\">Manuel Civera (PSOE) revalidar\u00eda la alcald\u00eda con la ayuda de Comprom\u00eds.<\/figcaption><\/figure>\n<p>Aunque el PSOE ha perdido dos esca\u00f1os y deja de ser la fuerza m\u00e1s votada en la capital del Camp de T\u00faria con 2.765 votos y un 26,76% de los sufragios emitidos,\u00a0Manuel Civera podr\u00e1 seguir al frene del consistorio de la localidad.<\/p>\n<p>El descenso en votos del PSOE local\u00a0ha beneficiado al Partido Popular que ha obtenido 3.862 votos y(37,37%), aunque un pacto del PSOE con Comprom\u00eds-MoVe,\u00a0que ha obtenido 2.233 votos (21,61%), puede permitir volver a gobernar a Manuel Civera.<\/p>\n<p>Este acuerdo ya se dio durante la pasada legislatura, aunque durante un tiempo no funcion\u00f3 y el PSOE hubo de gobernar en minor\u00eda.<\/p>\n<p>Por su parte, el PP ha logrado tres concejales m\u00e1s en Ll\u00edria en estas elecciones municipales pero no los suficientes como para gobernar en solitario, ni tampoco con el apoyo del concejal de Ciudadanos que ha obtenido\u00a0794 votos (7,68%).<\/p>\n<p>Mientras tanto, Podem Ll\u00edria no ha conseguido\u00a0entrar en la corporaci\u00f3n local y pierde el edil conseguido hace cuatro a\u00f1os con la marca Ll\u00edria Puede.<\/p>\n","protected":false},"excerpt":{"rendered":"<div class=\"mh-excerpt\">Aunque el PSOE ha perdido dos esca\u00f1os y deja de ser la fuerza m\u00e1s votada en la capital del Camp de T\u00faria con 2.765 votos y un 26,76% de los sufragios emitidos,\u00a0Manuel Civera podr\u00e1 seguir <a class=\"mh-excerpt-more\" href=\"https:\/\/www.tucomarca.com\/wordpress\/segunda\/el-socialista-manuel-civera-retiene-la-alcaldia-en-lliria-aunque-necesitara-pactar-con-compromis\/\" title=\"El socialista Manuel Civera retiene la alcald\u00eda en Ll\u00edria aunque necesitar\u00e1 pactar con Comprom\u00eds\">[+] <\/a><\/div>\n","protected":false},"author":2,"featured_media":86895,"comment_status":"open","ping_status":"open","sticky":false,"template":"","format":"standard","meta":{"footnotes":""},"categories":[46,8,72,47,142,3,45],"tags":[5588],"class_list":{"0":"post-86894","1":"post","2":"type-post","3":"status-publish","4":"format-standard","5":"has-post-thumbnail","7":"category-camp-de-turia","8":"category-la-comarca","9":"category-sin-categorizar","10":"category-lliria","11":"category-politica-la-comarca","12":"category-seccion","13":"category-ventana","14":"tag-liria"},"_links":{"self":[{"href":"https:\/\/www.tucomarca.com\/wordpress\/segunda\/wp-json\/wp\/v2\/posts\/86894","targetHints":{"allow":["GET"]}}],"collection":[{"href":"https:\/\/www.tucomarca.com\/wordpress\/segunda\/wp-json\/wp\/v2\/posts"}],"about":[{"href":"https:\/\/www.tucomarca.com\/wordpress\/segunda\/wp-json\/wp\/v2\/types\/post"}],"author":[{"embeddable":true,"href":"https:\/\/www.tucomarca.com\/wordpress\/segunda\/wp-json\/wp\/v2\/users\/2"}],"replies":[{"embeddable":true,"href":"https:\/\/www.tucomarca.com\/wordpress\/segunda\/wp-json\/wp\/v2\/comments?post=86894"}],"version-history":[{"count":0,"href":"https:\/\/www.tucomarca.com\/wordpress\/segunda\/wp-json\/wp\/v2\/posts\/86894\/revisions"}],"wp:featuredmedia":[{"embeddable":true,"href":"https:\/\/www.tucomarca.com\/wordpress\/segunda\/wp-json\/wp\/v2\/media\/86895"}],"wp:attachment":[{"href":"https:\/\/www.tucomarca.com\/wordpress\/segunda\/wp-json\/wp\/v2\/media?parent=86894"}],"wp:term":[{"taxonomy":"category","embeddable":true,"href":"https:\/\/www.tucomarca.com\/wordpress\/segunda\/wp-json\/wp\/v2\/categories?post=86894"},{"taxonomy":"post_tag","embeddable":true,"href":"https:\/\/www.tucomarca.com\/wordpress\/segunda\/wp-json\/wp\/v2\/tags?post=86894"}],"curies":[{"name":"wp","href":"https:\/\/api.w.org\/{rel}","templated":true}]}}