{"id":86903,"date":"2019-05-27T14:41:39","date_gmt":"2019-05-27T12:41:39","guid":{"rendered":"http:\/\/www.tucomarca.com\/wordpress\/segunda\/?p=86903"},"modified":"2019-05-27T14:41:39","modified_gmt":"2019-05-27T12:41:39","slug":"el-psoe-de-bunol-apuesta-por-liderar-un-gobierno-municipal-de-izquierdas-mas-fuerte-y-que-aglutine-a-toda-la-sociedad","status":"publish","type":"post","link":"https:\/\/www.tucomarca.com\/wordpress\/segunda\/el-psoe-de-bunol-apuesta-por-liderar-un-gobierno-municipal-de-izquierdas-mas-fuerte-y-que-aglutine-a-toda-la-sociedad\/","title":{"rendered":"El PSOE de Bu\u00f1ol apuesta por \u00abliderar un gobierno municipal de izquierdas m\u00e1s fuerte y que aglutine a toda la sociedad\u00bb"},"content":{"rendered":"<figure id=\"attachment_86905\" aria-describedby=\"caption-attachment-86905\" style=\"width: 282px\" class=\"wp-caption alignleft\"><img loading=\"lazy\" decoding=\"async\" class=\" wp-image-86905\" src=\"https:\/\/www.tucomarca.com\/wordpress\/segunda\/wp-content\/uploads\/2019\/05\/JuncalSierra.jpg\" alt=\"Marta P\u00e9rez junto a Juncal Carrascosa con Manuel Sierra.\" width=\"282\" height=\"376\" srcset=\"https:\/\/www.tucomarca.com\/wordpress\/segunda\/wp-content\/uploads\/2019\/05\/JuncalSierra.jpg 1200w, https:\/\/www.tucomarca.com\/wordpress\/segunda\/wp-content\/uploads\/2019\/05\/JuncalSierra-225x300.jpg 225w, https:\/\/www.tucomarca.com\/wordpress\/segunda\/wp-content\/uploads\/2019\/05\/JuncalSierra-768x1024.jpg 768w, https:\/\/www.tucomarca.com\/wordpress\/segunda\/wp-content\/uploads\/2019\/05\/JuncalSierra-1024x1364.jpg 1024w\" sizes=\"auto, (max-width: 282px) 100vw, 282px\" \/><figcaption id=\"caption-attachment-86905\" class=\"wp-caption-text\">Marta P\u00e9rez junto a Juncal Carrascosa con Manuel Sierra la noche electoral.<\/figcaption><\/figure>\n<p dir=\"ltr\">El PSOE de Bu\u00f1ol, encabezado\u00a0por Juncal Carrascosa, es \u00abel \u00fanico partido que crece con respecto a hace cuatro a\u00f1os. Un concejal m\u00e1s y lo m\u00e1s importante: que un partido de izquierda vuelve a ganar las elecciones municipales en Bu\u00f1ol, cuesti\u00f3n que no suced\u00eda desde 2007\u00bb, tal como ha valorado\u00a0el\u00a0Vicesecretario General y Portavoz del PSOE de Bu\u00f1ol,\u00a0Manuel Sierra Tamarit.<\/p>\n<p dir=\"ltr\">\u00abHemos repetido durante toda la campa\u00f1a que la izquierda no se pod\u00eda conformar con un pacto postelectoral, que hab\u00eda que dar un paso al frente y liderar la pol\u00edtica municipal desde el mismo recuento de los votos. Sin duda esta cuesti\u00f3n debe de servir para formar un gobierno municipal m\u00e1s fuerte, con unos objetivos ambiciosos que aglutinen a asociaciones, empresarios y resto de sociedad civil en torno a un proyecto de pueblo para las siguientes generaciones\u00bb, ha a\u00f1adido\u00a0el responsable org\u00e1nico socialista.<\/p>\n<p dir=\"ltr\">\u00abEn esta victoria el grupo municipal que no lo ha tenido nada f\u00e1cil, algo habr\u00e1 tenido que ver. Fuimos injustamente cuestionados y ah\u00ed hemos estado, desde el trabajo y la honestidad, con lealtad a un cuatripartito, pero sin diluirnos en \u00e9l y marcando nuestro sello propio, como representantes de un fuerza pol\u00edtica con vocaci\u00f3n de mayor\u00eda\u00bb, ha finalizado Manuel Sierra.<\/p>\n<p dir=\"ltr\">\n","protected":false},"excerpt":{"rendered":"<div class=\"mh-excerpt\">El PSOE de Bu\u00f1ol, encabezado\u00a0por Juncal Carrascosa, es \u00abel \u00fanico partido que crece con respecto a hace cuatro a\u00f1os. Un concejal m\u00e1s y lo m\u00e1s importante: que un partido de izquierda vuelve a ganar las <a class=\"mh-excerpt-more\" href=\"https:\/\/www.tucomarca.com\/wordpress\/segunda\/el-psoe-de-bunol-apuesta-por-liderar-un-gobierno-municipal-de-izquierdas-mas-fuerte-y-que-aglutine-a-toda-la-sociedad\/\" title=\"El PSOE de Bu\u00f1ol apuesta por \u00abliderar un gobierno municipal de izquierdas m\u00e1s fuerte y que aglutine a toda la sociedad\u00bb\">[+] <\/a><\/div>\n","protected":false},"author":1,"featured_media":86905,"comment_status":"open","ping_status":"open","sticky":false,"template":"","format":"standard","meta":{"footnotes":""},"categories":[18,8,10,142,3,45],"tags":[10385,9906],"class_list":{"0":"post-86903","1":"post","2":"type-post","3":"status-publish","4":"format-standard","5":"has-post-thumbnail","7":"category-bunol","8":"category-la-comarca","9":"category-la-hoya","10":"category-politica-la-comarca","11":"category-seccion","12":"category-ventana","13":"tag-bunol","14":"tag-bunyol"},"_links":{"self":[{"href":"https:\/\/www.tucomarca.com\/wordpress\/segunda\/wp-json\/wp\/v2\/posts\/86903","targetHints":{"allow":["GET"]}}],"collection":[{"href":"https:\/\/www.tucomarca.com\/wordpress\/segunda\/wp-json\/wp\/v2\/posts"}],"about":[{"href":"https:\/\/www.tucomarca.com\/wordpress\/segunda\/wp-json\/wp\/v2\/types\/post"}],"author":[{"embeddable":true,"href":"https:\/\/www.tucomarca.com\/wordpress\/segunda\/wp-json\/wp\/v2\/users\/1"}],"replies":[{"embeddable":true,"href":"https:\/\/www.tucomarca.com\/wordpress\/segunda\/wp-json\/wp\/v2\/comments?post=86903"}],"version-history":[{"count":0,"href":"https:\/\/www.tucomarca.com\/wordpress\/segunda\/wp-json\/wp\/v2\/posts\/86903\/revisions"}],"wp:featuredmedia":[{"embeddable":true,"href":"https:\/\/www.tucomarca.com\/wordpress\/segunda\/wp-json\/wp\/v2\/media\/86905"}],"wp:attachment":[{"href":"https:\/\/www.tucomarca.com\/wordpress\/segunda\/wp-json\/wp\/v2\/media?parent=86903"}],"wp:term":[{"taxonomy":"category","embeddable":true,"href":"https:\/\/www.tucomarca.com\/wordpress\/segunda\/wp-json\/wp\/v2\/categories?post=86903"},{"taxonomy":"post_tag","embeddable":true,"href":"https:\/\/www.tucomarca.com\/wordpress\/segunda\/wp-json\/wp\/v2\/tags?post=86903"}],"curies":[{"name":"wp","href":"https:\/\/api.w.org\/{rel}","templated":true}]}}