{"id":87650,"date":"2019-06-14T15:16:10","date_gmt":"2019-06-14T13:16:10","guid":{"rendered":"http:\/\/www.tucomarca.com\/wordpress\/segunda\/?p=87650"},"modified":"2019-06-14T15:16:10","modified_gmt":"2019-06-14T13:16:10","slug":"el-candidato-a-la-alcaldia-y-los-primeros-puestos-del-pp-de-bunol-no-tomaran-posesion-de-sus-actas-de-concejales","status":"publish","type":"post","link":"https:\/\/www.tucomarca.com\/wordpress\/segunda\/el-candidato-a-la-alcaldia-y-los-primeros-puestos-del-pp-de-bunol-no-tomaran-posesion-de-sus-actas-de-concejales\/","title":{"rendered":"El candidato a la alcald\u00eda y los primeros puestos del PP de Bu\u00f1ol no tomar\u00e1n posesi\u00f3n de sus actas de concejales"},"content":{"rendered":"<p>Tal como han informado desde el Partido Popular de Bu\u00f1ol, \u00abtras el resultado de las elecciones locales del pasado mes de mayo, los Populares han decidido tomar decisiones dif\u00edciles pero necesarias, por coherencia y responsabilidad, para comenzar una legislatura con la renovaci\u00f3n necesaria\u00a0para poder volver a ser la fuerza pol\u00edtica hegem\u00f3nica en el municipio de Bu\u00f1ol\u00bb, seg\u00fan han manifestado.<\/p>\n<p>En este sentido, desde el Partido Popular han mostrado su decisi\u00f3n de no tomar posesi\u00f3n de sus cargos el candidato\u00a0por el Partido Popular, Marcial D\u00edaz, que pese a ser el ganador\u00a0de los comicios municipales en los a\u00f1os 2011 y 2015, los sucesivos pactos de izquierda le han impidedido ser alcalde; la n\u00famero tres, Silvia Gonz\u00e1lez;\u00a0as\u00ed como el\u00a0n\u00famero cuatro, Pablo Palmer.<\/p>\n<p>Todos ellos pasar\u00e1n a partir de ahora a llevar responsabilidades org\u00e1nicas dentro del Partido Popular bu\u00f1olense, ya que el PP ha decidido remodelar la estructura org\u00e1nica en Bu\u00f1ol, donde Silvia Gonz\u00e1lez Garc\u00eda pasa a\u00a0ser la presidenta; Pablo Palmer el Secretario General;\u00a0la Secretar\u00eda de Relaciones Institucionales ser\u00e1\u00a0para\u00a0Marcial D\u00edaz; la Secretar\u00eda de Organizaci\u00f3n pasa a manos de Mari Carmen Teresa Cervera; la Secretar\u00eda de Redes Sociales es para\u00a0Carlos Avi\u00f1\u00f3; y la Secretar\u00eda de\u00a0Ciudadan\u00eda\u00a0y\u00a0Transparencia para\u00a0Yolanda Palomar.<\/p>\n<p>Desde el PP han manifestado que \u00abel pasado ya no se puede cambiar y el futuro debemos empezarlo a escribir renovando liderazgos e impulsando el proyecto pol\u00edtico, para eso la Junta Directiva Local de los Populares de Bu\u00f1ol, celebrada el 13 de junio, al objeto de reorganizar institucionalmente el grupo municipal popular y org\u00e1nicamente el partido, han adoptado la decisi\u00f3n de que el grupo municipal popular est\u00e9 integrado por Marcos Ferr\u00fas Manzano, M\u00f3nica Zafrilla Mart\u00ednez y Josefa Isabel L\u00f3pez Goz\u00e1lvez\u00bb.<\/p>\n<p>Una decisi\u00f3n que, seg\u00fan los populares, se ha tomado \u00abpor su\u00a0carisma personal, por su perfil profesional, por su disponibilidad temporal en las nuevas responsabilidades y por el entusiasmo con el que recogen el testigo de nuestros concejales salientes\u00bb.<\/p>\n<p>Desde la Junta Directiva Local del Partido Popular de Bu\u00f1ol tambi\u00e9n han querido\u00bbagradecer el trabajo, dedicaci\u00f3n y tes\u00f3n en la defensa de los intereses del municipio de Bu\u00f1ol de todos los concejales salientes; el orgullo y el honor de haber representado a nuestra ciudad y a nuestro partido y su apoyo incondicional en este nuevo reto que se abre con la nueva legislatura los concejales del nuevo grupo popular\u00bb.<\/p>\n","protected":false},"excerpt":{"rendered":"<div class=\"mh-excerpt\">Tal como han informado desde el Partido Popular de Bu\u00f1ol, \u00abtras el resultado de las elecciones locales del pasado mes de mayo, los Populares han decidido tomar decisiones dif\u00edciles pero necesarias, por coherencia y responsabilidad, <a class=\"mh-excerpt-more\" href=\"https:\/\/www.tucomarca.com\/wordpress\/segunda\/el-candidato-a-la-alcaldia-y-los-primeros-puestos-del-pp-de-bunol-no-tomaran-posesion-de-sus-actas-de-concejales\/\" title=\"El candidato a la alcald\u00eda y los primeros puestos del PP de Bu\u00f1ol no tomar\u00e1n posesi\u00f3n de sus actas de concejales\">[+] <\/a><\/div>\n","protected":false},"author":1,"featured_media":87655,"comment_status":"open","ping_status":"open","sticky":false,"template":"","format":"standard","meta":{"footnotes":""},"categories":[18,8,72,10,142,3,45],"tags":[10385,9906],"class_list":{"0":"post-87650","1":"post","2":"type-post","3":"status-publish","4":"format-standard","5":"has-post-thumbnail","7":"category-bunol","8":"category-la-comarca","9":"category-sin-categorizar","10":"category-la-hoya","11":"category-politica-la-comarca","12":"category-seccion","13":"category-ventana","14":"tag-bunol","15":"tag-bunyol"},"_links":{"self":[{"href":"https:\/\/www.tucomarca.com\/wordpress\/segunda\/wp-json\/wp\/v2\/posts\/87650","targetHints":{"allow":["GET"]}}],"collection":[{"href":"https:\/\/www.tucomarca.com\/wordpress\/segunda\/wp-json\/wp\/v2\/posts"}],"about":[{"href":"https:\/\/www.tucomarca.com\/wordpress\/segunda\/wp-json\/wp\/v2\/types\/post"}],"author":[{"embeddable":true,"href":"https:\/\/www.tucomarca.com\/wordpress\/segunda\/wp-json\/wp\/v2\/users\/1"}],"replies":[{"embeddable":true,"href":"https:\/\/www.tucomarca.com\/wordpress\/segunda\/wp-json\/wp\/v2\/comments?post=87650"}],"version-history":[{"count":0,"href":"https:\/\/www.tucomarca.com\/wordpress\/segunda\/wp-json\/wp\/v2\/posts\/87650\/revisions"}],"wp:featuredmedia":[{"embeddable":true,"href":"https:\/\/www.tucomarca.com\/wordpress\/segunda\/wp-json\/wp\/v2\/media\/87655"}],"wp:attachment":[{"href":"https:\/\/www.tucomarca.com\/wordpress\/segunda\/wp-json\/wp\/v2\/media?parent=87650"}],"wp:term":[{"taxonomy":"category","embeddable":true,"href":"https:\/\/www.tucomarca.com\/wordpress\/segunda\/wp-json\/wp\/v2\/categories?post=87650"},{"taxonomy":"post_tag","embeddable":true,"href":"https:\/\/www.tucomarca.com\/wordpress\/segunda\/wp-json\/wp\/v2\/tags?post=87650"}],"curies":[{"name":"wp","href":"https:\/\/api.w.org\/{rel}","templated":true}]}}