{"id":87755,"date":"2019-06-15T14:47:54","date_gmt":"2019-06-15T12:47:54","guid":{"rendered":"http:\/\/www.tucomarca.com\/wordpress\/segunda\/?p=87755"},"modified":"2019-06-15T14:47:54","modified_gmt":"2019-06-15T12:47:54","slug":"la-popular-silvia-lopez-alcaldesa-de-godelleta-con-el-apoyo-de-ciudadanos-y-de-la-plataforma-de-urbanizaciones","status":"publish","type":"post","link":"https:\/\/www.tucomarca.com\/wordpress\/segunda\/la-popular-silvia-lopez-alcaldesa-de-godelleta-con-el-apoyo-de-ciudadanos-y-de-la-plataforma-de-urbanizaciones\/","title":{"rendered":"La popular Silvia L\u00f3pez, alcaldesa de Godelleta con el apoyo de Ciudadanos y de la Plataforma de Urbanizaciones"},"content":{"rendered":"<figure id=\"attachment_87756\" aria-describedby=\"caption-attachment-87756\" style=\"width: 605px\" class=\"wp-caption alignnone\"><img loading=\"lazy\" decoding=\"async\" class=\" wp-image-87756\" src=\"https:\/\/www.tucomarca.com\/wordpress\/segunda\/wp-content\/uploads\/2019\/06\/Godelleta2019.jpg\" alt=\"Equipo de gobierno de Godelleta formado por PP, C's y PUG que encabeza Silvia L\u00f3pez (PP).\" width=\"605\" height=\"403\" srcset=\"https:\/\/www.tucomarca.com\/wordpress\/segunda\/wp-content\/uploads\/2019\/06\/Godelleta2019.jpg 6000w, https:\/\/www.tucomarca.com\/wordpress\/segunda\/wp-content\/uploads\/2019\/06\/Godelleta2019-300x200.jpg 300w, https:\/\/www.tucomarca.com\/wordpress\/segunda\/wp-content\/uploads\/2019\/06\/Godelleta2019-768x512.jpg 768w, https:\/\/www.tucomarca.com\/wordpress\/segunda\/wp-content\/uploads\/2019\/06\/Godelleta2019-1024x683.jpg 1024w\" sizes=\"auto, (max-width: 605px) 100vw, 605px\" \/><figcaption id=\"caption-attachment-87756\" class=\"wp-caption-text\">Equipo de gobierno de Godelleta formado por PP, C&#8217;s y PUG que encabeza Silvia L\u00f3pez (PP).<\/figcaption><\/figure>\n<p>La Popular Silvia L\u00f3pez ha sido elegida alcaldesa de Godelleta gracias a los cuatro votos de su formaci\u00f3n as\u00ed como al apoyo del concejal de\u00a0Ciudadanos y del edil de\u00a0la Plataforma de Urbanizaciones de Godelleta (PUG).<\/p>\n<p>El\u00a0Partido Socialista (con tres concejales) y Esquerra Unida (con dos) no han podido reeditar el pacto alcanzado las pasada legislatura que permiti\u00f3 arrebatar el PP la alcald\u00eda, al no contar\u00a0con el apoyo del concejal de la\u00a0PUG, que se ha decantado finalmente por la candidata de la lista m\u00e1s votada\u00a0en los pasados comicios del 26 de mayo,\u00a0la popular Silvia L\u00f3pez.<\/p>\n<p>M\u00e1s informaci\u00f3n e im\u00e1genes, en la edici\u00f3n impresa de esta semana de <strong>tucomarca.com<\/strong> (n\u00famero 805).<\/p>\n<p>&nbsp;<\/p>\n","protected":false},"excerpt":{"rendered":"<div class=\"mh-excerpt\">La Popular Silvia L\u00f3pez ha sido elegida alcaldesa de Godelleta gracias a los cuatro votos de su formaci\u00f3n as\u00ed como al apoyo del concejal de\u00a0Ciudadanos y del edil de\u00a0la Plataforma de Urbanizaciones de Godelleta (PUG). <a class=\"mh-excerpt-more\" href=\"https:\/\/www.tucomarca.com\/wordpress\/segunda\/la-popular-silvia-lopez-alcaldesa-de-godelleta-con-el-apoyo-de-ciudadanos-y-de-la-plataforma-de-urbanizaciones\/\" title=\"La popular Silvia L\u00f3pez, alcaldesa de Godelleta con el apoyo de Ciudadanos y de la Plataforma de Urbanizaciones\">[+] <\/a><\/div>\n","protected":false},"author":1,"featured_media":87756,"comment_status":"open","ping_status":"open","sticky":false,"template":"","format":"standard","meta":{"footnotes":""},"categories":[14,8,10,142,45],"tags":[10383],"class_list":{"0":"post-87755","1":"post","2":"type-post","3":"status-publish","4":"format-standard","5":"has-post-thumbnail","7":"category-godelleta","8":"category-la-comarca","9":"category-la-hoya","10":"category-politica-la-comarca","11":"category-ventana","12":"tag-godelleta"},"_links":{"self":[{"href":"https:\/\/www.tucomarca.com\/wordpress\/segunda\/wp-json\/wp\/v2\/posts\/87755","targetHints":{"allow":["GET"]}}],"collection":[{"href":"https:\/\/www.tucomarca.com\/wordpress\/segunda\/wp-json\/wp\/v2\/posts"}],"about":[{"href":"https:\/\/www.tucomarca.com\/wordpress\/segunda\/wp-json\/wp\/v2\/types\/post"}],"author":[{"embeddable":true,"href":"https:\/\/www.tucomarca.com\/wordpress\/segunda\/wp-json\/wp\/v2\/users\/1"}],"replies":[{"embeddable":true,"href":"https:\/\/www.tucomarca.com\/wordpress\/segunda\/wp-json\/wp\/v2\/comments?post=87755"}],"version-history":[{"count":0,"href":"https:\/\/www.tucomarca.com\/wordpress\/segunda\/wp-json\/wp\/v2\/posts\/87755\/revisions"}],"wp:featuredmedia":[{"embeddable":true,"href":"https:\/\/www.tucomarca.com\/wordpress\/segunda\/wp-json\/wp\/v2\/media\/87756"}],"wp:attachment":[{"href":"https:\/\/www.tucomarca.com\/wordpress\/segunda\/wp-json\/wp\/v2\/media?parent=87755"}],"wp:term":[{"taxonomy":"category","embeddable":true,"href":"https:\/\/www.tucomarca.com\/wordpress\/segunda\/wp-json\/wp\/v2\/categories?post=87755"},{"taxonomy":"post_tag","embeddable":true,"href":"https:\/\/www.tucomarca.com\/wordpress\/segunda\/wp-json\/wp\/v2\/tags?post=87755"}],"curies":[{"name":"wp","href":"https:\/\/api.w.org\/{rel}","templated":true}]}}