{"id":87772,"date":"2019-06-15T15:54:36","date_gmt":"2019-06-15T13:54:36","guid":{"rendered":"http:\/\/www.tucomarca.com\/wordpress\/segunda\/?p=87772"},"modified":"2019-06-15T15:54:36","modified_gmt":"2019-06-15T13:54:36","slug":"la-socialista-juncal-carrascosa-revalida-la-alcaldia-de-bunol-con-el-apoyo-de-psoe-eu-y-podemos","status":"publish","type":"post","link":"https:\/\/www.tucomarca.com\/wordpress\/segunda\/la-socialista-juncal-carrascosa-revalida-la-alcaldia-de-bunol-con-el-apoyo-de-psoe-eu-y-podemos\/","title":{"rendered":"La socialista Juncal Carrascosa revalida la alcald\u00eda de Bu\u00f1ol con el apoyo de PSOE, EU y Podemos"},"content":{"rendered":"<figure id=\"attachment_87765\" aria-describedby=\"caption-attachment-87765\" style=\"width: 519px\" class=\"wp-caption alignnone\"><img loading=\"lazy\" decoding=\"async\" class=\" wp-image-87765\" src=\"https:\/\/www.tucomarca.com\/wordpress\/segunda\/wp-content\/uploads\/2019\/06\/PSOEBunyol.jpg\" alt=\"Nuevo equipo de gobierno del Ayuntamiento de Bu\u00f1ol que lidera Juncal Carrascosa.\" width=\"519\" height=\"389\" srcset=\"https:\/\/www.tucomarca.com\/wordpress\/segunda\/wp-content\/uploads\/2019\/06\/PSOEBunyol.jpg 4032w, https:\/\/www.tucomarca.com\/wordpress\/segunda\/wp-content\/uploads\/2019\/06\/PSOEBunyol-300x225.jpg 300w, https:\/\/www.tucomarca.com\/wordpress\/segunda\/wp-content\/uploads\/2019\/06\/PSOEBunyol-768x576.jpg 768w, https:\/\/www.tucomarca.com\/wordpress\/segunda\/wp-content\/uploads\/2019\/06\/PSOEBunyol-1024x768.jpg 1024w\" sizes=\"auto, (max-width: 519px) 100vw, 519px\" \/><figcaption id=\"caption-attachment-87765\" class=\"wp-caption-text\">Nuevo equipo de gobierno del Ayuntamiento de Bu\u00f1ol que lidera Juncal Carrascosa.<\/figcaption><\/figure>\n<p>La socialista\u00a0Juncal Carrascosa ha revalidado la alcald\u00eda del Ayuntamiento de Bu\u00f1ol\u00a0con los votos del\u00a0PSPV-PSOE, Esquerra Unida y Podemos; formaciones\u00a0que han certificado\u00a0durante la toma de posesi\u00f3n de este s\u00e1bado su acuerdo de gobierno alcanzado para esta legislatura en el Ayuntamiento de la localidad.<\/p>\n<p>Tras esta firma y como ya avanz\u00f3 <strong>tucomarca.com<\/strong>, el organigrama del gobierno municipal para la legislatura 2019-2023 queda de la siguiente manera: Juncal Carrascosa (PSOE), adem\u00e1s de alcaldesa, administrar\u00e1 Desarrollo Industrial, Comercio y Empleo. Y Rafa P\u00e9rez (EU) ser\u00e1 el primer Teniente de Alcalde y tendr\u00e1 a su cargo la concejal\u00eda de Feria y \u201cCultura popular\u201d adem\u00e1s de la de Obras y Servicios.<\/p>\n<p>Manuel Sierra (PSOE) ser\u00e1 el segundo Teniente de Alcalde y bajo su cargo estar\u00e1 Hacienda y Contrataci\u00f3n, Deportes y Comunicaci\u00f3n. Carles Xerri (EU) ocupar\u00e1 la tercera Tenencia de Alcald\u00eda y ser\u00e1 el concejal de Politicas Sociales, Participaci\u00f3n Ciudadana e igualdad. Mar\u00eda Vall\u00e9s (PSOE) ser\u00e1 la cuarta Teniente Alcalde y bajo su cargo quedan las concejal\u00edas de Personal, Gobierno Interior adem\u00e1s de Turismo y Tomatina.<\/p>\n<p>Tambi\u00e9n Tania Carrascosa (EU) ser\u00e1 la concejala de Urbanismo y Patrimonio; Juan luis Pall\u00e1s (PSOE) se har\u00e1 cargo de Cultura, Conservatorio y Juventud. Y, por \u00faltimo, Mati M\u00e1s (Podemos) ser\u00e1 la concejala de Ecolog\u00eda y pol\u00edticas Medioambientales adem\u00e1s de Salud P\u00fablica.<\/p>\n<p>M\u00e1s informaci\u00f3n e im\u00e1genes, en la edici\u00f3n impresa de esta semana de <strong>tucomarca.com<\/strong> (n\u00famero 805).<\/p>\n","protected":false},"excerpt":{"rendered":"<div class=\"mh-excerpt\">La socialista\u00a0Juncal Carrascosa ha revalidado la alcald\u00eda del Ayuntamiento de Bu\u00f1ol\u00a0con los votos del\u00a0PSPV-PSOE, Esquerra Unida y Podemos; formaciones\u00a0que han certificado\u00a0durante la toma de posesi\u00f3n de este s\u00e1bado su acuerdo de gobierno alcanzado para esta <a class=\"mh-excerpt-more\" href=\"https:\/\/www.tucomarca.com\/wordpress\/segunda\/la-socialista-juncal-carrascosa-revalida-la-alcaldia-de-bunol-con-el-apoyo-de-psoe-eu-y-podemos\/\" title=\"La socialista Juncal Carrascosa revalida la alcald\u00eda de Bu\u00f1ol con el apoyo de PSOE, EU y Podemos\">[+] <\/a><\/div>\n","protected":false},"author":1,"featured_media":87765,"comment_status":"open","ping_status":"open","sticky":false,"template":"","format":"standard","meta":{"footnotes":""},"categories":[18,8,72,10,142,10698,3,45],"tags":[10385,9906],"class_list":{"0":"post-87772","1":"post","2":"type-post","3":"status-publish","4":"format-standard","5":"has-post-thumbnail","7":"category-bunol","8":"category-la-comarca","9":"category-sin-categorizar","10":"category-la-hoya","11":"category-politica-la-comarca","12":"category-premsavalenciana","13":"category-seccion","14":"category-ventana","15":"tag-bunol","16":"tag-bunyol"},"_links":{"self":[{"href":"https:\/\/www.tucomarca.com\/wordpress\/segunda\/wp-json\/wp\/v2\/posts\/87772","targetHints":{"allow":["GET"]}}],"collection":[{"href":"https:\/\/www.tucomarca.com\/wordpress\/segunda\/wp-json\/wp\/v2\/posts"}],"about":[{"href":"https:\/\/www.tucomarca.com\/wordpress\/segunda\/wp-json\/wp\/v2\/types\/post"}],"author":[{"embeddable":true,"href":"https:\/\/www.tucomarca.com\/wordpress\/segunda\/wp-json\/wp\/v2\/users\/1"}],"replies":[{"embeddable":true,"href":"https:\/\/www.tucomarca.com\/wordpress\/segunda\/wp-json\/wp\/v2\/comments?post=87772"}],"version-history":[{"count":0,"href":"https:\/\/www.tucomarca.com\/wordpress\/segunda\/wp-json\/wp\/v2\/posts\/87772\/revisions"}],"wp:featuredmedia":[{"embeddable":true,"href":"https:\/\/www.tucomarca.com\/wordpress\/segunda\/wp-json\/wp\/v2\/media\/87765"}],"wp:attachment":[{"href":"https:\/\/www.tucomarca.com\/wordpress\/segunda\/wp-json\/wp\/v2\/media?parent=87772"}],"wp:term":[{"taxonomy":"category","embeddable":true,"href":"https:\/\/www.tucomarca.com\/wordpress\/segunda\/wp-json\/wp\/v2\/categories?post=87772"},{"taxonomy":"post_tag","embeddable":true,"href":"https:\/\/www.tucomarca.com\/wordpress\/segunda\/wp-json\/wp\/v2\/tags?post=87772"}],"curies":[{"name":"wp","href":"https:\/\/api.w.org\/{rel}","templated":true}]}}