{"id":8778,"date":"2012-11-08T18:48:20","date_gmt":"2012-11-08T17:48:20","guid":{"rendered":"http:\/\/www.tucomarca.com\/wordpress\/segunda\/?p=8778"},"modified":"2012-11-08T18:48:20","modified_gmt":"2012-11-08T17:48:20","slug":"alfonso-rus-anuncia-una-ayuda-de-250-000-euros-para-los-municipios-de-los-serranos-afectados-por-los-incendios","status":"publish","type":"post","link":"https:\/\/www.tucomarca.com\/wordpress\/segunda\/alfonso-rus-anuncia-una-ayuda-de-250-000-euros-para-los-municipios-de-los-serranos-afectados-por-los-incendios\/","title":{"rendered":"Alfonso Rus anuncia una ayuda de 250.000 euros para los municipios de Los Serranos afectados por los incendios"},"content":{"rendered":"<p>El presidente de la Diputaci\u00f3n de Valencia, Alfonso Rus, ha anunciado en una visita a los municipios afectados por los incendios y lluvias torrenciales de este verano que la corporaci\u00f3n provincial otorgar\u00e1 una ayuda de 250.000 euros para Bugarra, Pedralba, Sot de Chera, Gestalgar y Chulilla.<br \/>\nAll\u00ed se encontraban, pues, el alcalde de Chulilla, Enrique Silvestre, el primer edil de Sot de Chera, Rafael Rodrigo, el de Gestalgar, Ra\u00fal Pardos, el de Bugarra, Juan Manuel Garc\u00eda, y el de Pedralba, Roberto Sedigo, con quienes Rus ha mantenido un almuerzo de trabajo junto con  los medios de comunicaci\u00f3n de la provincia. <\/p>\n<p>\u201cHay que escuchar a los alcaldes\u201d<br \/>\nEl presidente Rus ha comentado que la obligaci\u00f3n de la corporaci\u00f3n provincial es \u201cayudar a los ayuntamientos y escuchar a sus alcaldes que son la voz del pueblo, de lo contrario -ha a\u00f1adido- la Diputaci\u00f3n no tendr\u00eda sentido\u201d.<br \/>\nAlfonso Rus ha hecho hincapi\u00e9 en que hay que cambiar el chip y apostar por las zonas de interior ya que \u201chay turismo de sol y playa pero tambi\u00e9n hay vida en el interior de la provincia, que posee algunas infraestructuras del siglo XX\u201d.<br \/>\n\u201cHay que impedir la despoblaci\u00f3n en las zonas de interior y que la gente se marche de los municipios por la escasez de infraestructuras y falta de servicios\u201d, ha aseverado Rus, al tiempo que ha recordado la inversi\u00f3n de la corporaci\u00f3n provincial en estrategias de progreso como la de instalar el servicio de wifi en toda la provincia o mejora de las carreteras.<br \/>\nEn ese sentido, Rus ha anunciado que la corporaci\u00f3n provincial dar\u00e1 el visto bueno en escasos d\u00edas a la mejora de la comunicaci\u00f3n entre Gestalgar con Bugarra.<br \/>\nRus tambi\u00e9n ha informado a los medios de comunicaci\u00f3n y alcaldes que han acudido al acto que la Diputaci\u00f3n de Valencia acord\u00f3 en el pleno de septiembre suprimir la paga extra de diciembre de 2012 a todos los miembros electos de la corporaci\u00f3n y destinar ese ahorro econ\u00f3mico a la ayuda a los municipios afectados por los incendios forestales.<br \/>\n\u201cDesde las instituciones p\u00fablicas estamos obligados a sacrificarnos y, en la medida de lo posible, dar respuesta a las necesidades de los ciudadanos y estar dispuestos solamente para hacernos la foto\u201d, ha aseverado Alfonso Rus, quien tambi\u00e9n ha explicado que una de las principales labores, que est\u00e1n llevado a cabo las brigadas de la Diputaci\u00f3n es la limpieza el cauce del Turia para evitar desbordamientos\u201d.<\/p>\n<p>Una paga extra contra los incendios<br \/>\nEn este sentido, Rus ha informado que la corporaci\u00f3n provincial ha invertido de 2009 a 2012 cerca de 7.200.000 euros en brigadas forestales para la defensa y conservaci\u00f3n del patrimonio forestal de la provincia de Valencia.<br \/>\nEl presidente provincial ha recorrido junto con los responsables provinciales de los municipios citados y los medios de comunicaci\u00f3n valencianos los trabajos de reparaci\u00f3n de las brigadas forestales Imelsa que prometi\u00f3 impulsar poco despu\u00e9s del siniestro del verano. La gira ha comenzado en el Balneario de Chulilla el encuentro con los alcaldes de las cinco localidades y otras autoridades como el vicepresidente provincial Juan Jos\u00e9 Medina y los diputados Rafael P\u00e9rez, Ernesto Sanju\u00e1n, Francisco Tarazona, Concha Andr\u00e9s y Emili Altur.<br \/>\nTras reconocer la labor de desbroce, limpieza y saneamiento de los alrededores del balneario, la comitiva se ha desplazado a Sot de Chera para observar las labores de los brigadistas en el r\u00edo Sot, a los pies de la localidad. Por \u00faltimo, Alfonso Rus, acompa\u00f1ado por el resto de autoridades y medios de comunicaci\u00f3n, visit\u00f3 el cauce del r\u00edo de Gestalgar donde, muy pr\u00f3ximo al \u00e1rea m\u00e1s tur\u00edstica, las llamas arrasaron la frondosa vegetaci\u00f3n, ahora convertida en un paisaje de cenizas, en contraste con el esplendor del \u00e1rea que se conserva intacta en la zona del remanso del r\u00edo.<br \/>\nEl trabajo de los doscientos brigadistas de Imelsa, que est\u00e1n actuando en las localidades de Chulilla, Bugarra, Gestalgar, Ll\u00edria, Pedralba, Sot de Chera, Cortes de Pall\u00e1s, Alcublas, Andilla y Dos Aguas, fueron reconocidas p\u00fablicamente por los responsables municipales que acudieron al encuentro. Los alcaldes destacaron la disposici\u00f3n de la Diputaci\u00f3n por prestar la ayuda necesaria cuanto antes para reconstruir las zonas quemadas. <\/p>\n<p>Brigadistas a pleno rendimiento<br \/>\nEn la actualidad, Imelsa tiene desplegadas 40 brigadas de trabajos en el monte, que constituyen un grueso de trabajadores de 200 brigadistas. Esta fuerza de choque est\u00e1 distribuida en los puntos estrat\u00e9gicos de los da\u00f1os ocasionados por los recientes incendios forestales agravados por las lluvias torrenciales posteriores.<br \/>\nEn total, las brigadas de Imelsa est\u00e1n actuando en las localidades de Chulilla, Bugarra, Gestalgar, Ll\u00edria, Pedralba, Sot de Chera, Cortes de Pall\u00e1s, Alcublas, Andilla y Dos Aguas.<br \/>\nLas brigadas forestales de la corporaci\u00f3n provincial est\u00e1n reconstruyendo la zona que fue arrasada entre el 23 y 30 de septiembre de 2012 por el incendio forestal declarado en el t\u00e9rmino municipal de Chulilla.<br \/>\nEn Chulilla, efectivos de Imelsa est\u00e1n llevando a cabo trabajos de recuperaci\u00f3n en la zona del balneario y en el cauce del r\u00edo Turia. Asimismo, los brigadistas han iniciado obras en Sot de Chera para mejorar el albergue \u2018El Cerrao\u2019, el barranco, las \u00e1reas recreativas. Tambi\u00e9n se est\u00e1n reformando los caminos de Cantarrales, Cubillas Ecoparque-Chera, Madro\u00f1osa, Pino Chera, Plano Sot de Chera, Solanas-Chera, Aguilero y Torderas.<br \/>\nLas obras de reparaci\u00f3n tambi\u00e9n contemplan la rehabilitaci\u00f3n del parque del r\u00edo Turia a la alturta de Gestalgar y Pedralba.<br \/>\nAsimismo, para contribuir a la recuperaci\u00f3n del t\u00e9rmino municipal de Bugarra, los brigadistas de Imelsa est\u00e1n trabajando en el Alto del Puente, el Barranco Seco, la Palmereta, la Piedra \u201cLa Losa\u201d, as\u00ed como en las acequias afectadas.<br \/>\nLa actuaci\u00f3n se completa con las tareas que se est\u00e1n ejecutando en  Lliria, concretamente en el camino Oran, en la Cova Fuma, El Bardinal, La Fardeta, el Mont Rabana, la Pe\u00f1arocha y la Senda del Pastor.<\/p>\n<p>Prevenci\u00f3n y minimizaci\u00f3n de riesgo de incendios<br \/>\nLas actuaciones de las brigadas forestales de Imelsa se basan en la defensa y conservaci\u00f3n del patrimonio forestal de la provincia de Valencia y en la lucha contra la amenaza de desertizaci\u00f3n, la reducci\u00f3n del n\u00famero de incendios forestales y la mejora de la regulaci\u00f3n hidrol\u00f3gica.<br \/>\nLos efectivos de la Diputaci\u00f3n de Valencia tambi\u00e9n se encargan de restaurar la cubierta vegetal, ordenar el uso cultural y recreativo del monte y preservar la biodiversidad de las zonas verdes. Los brigadistas tambi\u00e9n trabajan para promocionar las zonas rurales con poca industria y bajo nivel de renta.<\/p>\n","protected":false},"excerpt":{"rendered":"<div class=\"mh-excerpt\">El presidente de la Diputaci\u00f3n de Valencia, Alfonso Rus, ha anunciado en una visita a los municipios afectados por los incendios y lluvias torrenciales de este verano que la corporaci\u00f3n provincial otorgar\u00e1 una ayuda de <a class=\"mh-excerpt-more\" href=\"https:\/\/www.tucomarca.com\/wordpress\/segunda\/alfonso-rus-anuncia-una-ayuda-de-250-000-euros-para-los-municipios-de-los-serranos-afectados-por-los-incendios\/\" title=\"Alfonso Rus anuncia una ayuda de 250.000 euros para los municipios de Los Serranos afectados por los incendios\">[+] <\/a><\/div>\n","protected":false},"author":2,"featured_media":8779,"comment_status":"open","ping_status":"open","sticky":false,"template":"","format":"standard","meta":{"footnotes":""},"categories":[8,59,3,45],"tags":[336],"class_list":{"0":"post-8778","1":"post","2":"type-post","3":"status-publish","4":"format-standard","5":"has-post-thumbnail","7":"category-la-comarca","8":"category-los-serranos","9":"category-seccion","10":"category-ventana","11":"tag-incendios"},"_links":{"self":[{"href":"https:\/\/www.tucomarca.com\/wordpress\/segunda\/wp-json\/wp\/v2\/posts\/8778","targetHints":{"allow":["GET"]}}],"collection":[{"href":"https:\/\/www.tucomarca.com\/wordpress\/segunda\/wp-json\/wp\/v2\/posts"}],"about":[{"href":"https:\/\/www.tucomarca.com\/wordpress\/segunda\/wp-json\/wp\/v2\/types\/post"}],"author":[{"embeddable":true,"href":"https:\/\/www.tucomarca.com\/wordpress\/segunda\/wp-json\/wp\/v2\/users\/2"}],"replies":[{"embeddable":true,"href":"https:\/\/www.tucomarca.com\/wordpress\/segunda\/wp-json\/wp\/v2\/comments?post=8778"}],"version-history":[{"count":0,"href":"https:\/\/www.tucomarca.com\/wordpress\/segunda\/wp-json\/wp\/v2\/posts\/8778\/revisions"}],"wp:featuredmedia":[{"embeddable":true,"href":"https:\/\/www.tucomarca.com\/wordpress\/segunda\/wp-json\/wp\/v2\/media\/8779"}],"wp:attachment":[{"href":"https:\/\/www.tucomarca.com\/wordpress\/segunda\/wp-json\/wp\/v2\/media?parent=8778"}],"wp:term":[{"taxonomy":"category","embeddable":true,"href":"https:\/\/www.tucomarca.com\/wordpress\/segunda\/wp-json\/wp\/v2\/categories?post=8778"},{"taxonomy":"post_tag","embeddable":true,"href":"https:\/\/www.tucomarca.com\/wordpress\/segunda\/wp-json\/wp\/v2\/tags?post=8778"}],"curies":[{"name":"wp","href":"https:\/\/api.w.org\/{rel}","templated":true}]}}